{"id":7578,"date":"2021-03-23T18:46:27","date_gmt":"2021-03-23T17:46:27","guid":{"rendered":"http:\/\/kurierskruda.pl\/?p=7578"},"modified":"2021-03-26T11:45:35","modified_gmt":"2021-03-26T10:45:35","slug":"ryszard-raczynski-uczen-i-wspolpracownik-jana-kowalskiego","status":"publish","type":"post","link":"http:\/\/kurierskruda.pl\/index.php\/ryszard-raczynski-uczen-i-wspolpracownik-jana-kowalskiego\/historia-regionu","title":{"rendered":"Ryszard Raczy\u0144ski ucze\u0144 i wsp\u00f3\u0142pracownik Jana Kowalskiego"},"content":{"rendered":"<p>&nbsp;<\/p>\n<p><strong>Ryszard Raczy\u0144ski ucze\u0144 i wsp\u00f3\u0142pracownik Jana Kowalskiego<\/strong><\/p>\n<p>Wieloletni pedagog <strong>Ryszard Raczy\u0144ski<\/strong> po\u0142\u0105czy\u0142 stare pokolenie z m\u0142odym. W tych dniach Ryszard Raczy\u0144ski dokona\u0142 w kronice szkolnej Technikum Mechaniki Precyzyjnej pami\u0105tkowego wpisu o Janie Kowalskim, pedagogu, dyrektorze tylko przez jeden rok i wieloletnim wicedyrektorze Technikum Mechaniki Precyzyjnej w Warszawie. We wpisie p. Raczy\u0144ski podkre\u015bli\u0142 patriotyzm i dzia\u0142alno\u015b\u0107 Jana Kowalskiego, dow\u00f3dcy plutonu 763 \u00a0w Armii Krajowej Obwodu \u201eObro\u017ca\u201d \u00a0na terenie dzisiejszej Gmina Halin\u00f3w. W \u00a0latach 1965 \u2013 1970 Ryszard Raczy\u0144ski by\u0142 uczniem Technikum Mechaniki Precyzyjnej w Warszawie na ul. Grochowskiej 346\/348 . Jednym z jego nauczycieli by\u0142 \u00f3wczesny wicedyrektor i przez jeden rok dyrektor szko\u0142y Jan Kowalski . Ostatnio p. Ryszard odkry\u0142, \u017ce na jego \u015bwiadectwie maturalnym z 4 czerwca 1970 r. znajduje si\u0119 podpis Dyrektora Jana Kowalskiego, kt\u00f3ry w\u0142a\u015bnie w latach\u00a0 1969 \/ 1970 przez jeden rok sprawowa\u0142 funkcj\u0119 dyrektora technikum. Po studiach na Politechnice Pan Ryszard rozpocz\u0105\u0142 prac\u0119 nauczyciela w macierzystym Technikum, gdzie w\u00f3wczas Jan Kowalski pe\u0142ni\u0142 znowu funkcj\u0119 wicedyrektora ds. Pedagogicznych.<\/p>\n<p><strong>\u00a0Jan Kowalski (1918 -1996)<\/strong>\u00a0 odszed\u0142 na emerytur\u0119 z Technikum Mechaniki Precyzyjnej w 1979 r. Natomiast Ryszard Raczy\u0144ski w tej szkole obj\u0105\u0142 funkcj\u0119 wicedyrektora w 1980 roku, a w latach 1987 &#8211; 1995 by\u0142 dyrektorem TMP. Wieloletni dyrektor r\u00f3\u017cnych szk\u00f3\u0142 w Warszawie i by\u0142y Mazowiecki Kurator O\u015bwiaty w Warszawie,\u00a0 obecnie na emeryturze, p. Ryszard Raczy\u0144ski mieszkaniec Weso\u0142ej jest otwartym, sympatycznym cz\u0142owiekiem z wielk\u0105 klas\u0105 wsp\u00f3\u0142czesnego inteligenta . Dzi\u0119ki niemu w\u0142a\u015bnie \u00a0otrzymali\u015bmy zdj\u0119cia Jana Kowalskiego, zebrane od kole\u017canek \u00a0nauczycielek, \u015bwiadectwo o Janie Kowalskim p. prof. Janiny Skrz\u0119dziejewskiej i znamy miejsce ostatniego spoczynku Jana Kowalskiego na warszawskich Pow\u0105zkach. Ryszard Raczy\u0144ski uczestniczy\u0142 w uroczysto\u015bciach pogrzebowych Jana Kowalskiego na warszawskich Pow\u0105zkach 31 grudnia 1996 r. Jako pierwszy po latach w pa\u017adzierniku \u00a02020 r. odnalaz\u0142 gr\u00f3b Jana Kowalskiego ps. \u201eLis\u201d i nades\u0142a\u0142 mi zdj\u0119cia z Pow\u0105zek. Pana Ryszarda Raczy\u0144skiego pozna\u0142am w 2010 r. kiedy zaproponowa\u0142am Szkole Samochodowej na Ho\u017cej posadzenie na jej terenie Katy\u0144skiego D\u0119bu Pami\u0119ci dla majora in\u017c.\u00a0 Jerzego Pep\u0142owskiego, krewnego rodziny Dziemskich,\u00a0 absolwenta Wy\u017cszej Szko\u0142y Wawelberga i Rotwanda i Szko\u0142y Pchor. Piech. W Warszawie, zawodowego \u017co\u0142nierza , zamordowanego w Katyniu 20 kwietnia 1940 r.\u00a0 (Kpt. Jerzy PEP\u0141OWSKI &#8211; Absolwent szko\u0142y Wawelberga i Rotwanda i Szko\u0142y Pchor. Piech. w Warszawie. Od 1919 w 6 pp Leg., nast\u0119pnie w Szkole \u017band. Wojsk. Po uko\u0144czeniu kursu w Centralnej Szkole Broni Panc. (1932) przydzielony do Wojskowego Instytutu Bada\u0144 In\u017c. Kpt. od 1 I 1935).<\/p>\n<p><strong>Jerzy Pep\u0142owski( 1894-1940)<\/strong> urodzi\u0142 si\u0119 i ca\u0142e swoje \u017cycie mieszka\u0142 w Warszawie na ul. Ho\u017cej:\u00a0 najpierw z rodzicami, p\u00f3\u017aniej kilka dom\u00f3w dalej z \u017con\u0105 i c\u00f3rk\u0105.\u00a0 Miejsce zamieszkania majora Jerzego Pep\u0142owskiego s\u0105siadowa\u0142o na ul. Ho\u017cej \u00a0z najstarsz\u0105 w Polsce \u201esamochod\u00f3wk\u0105\u201d tj. tj. Pa\u0144stwow\u0105 Szko\u0142\u0105 Techniczn\u0105 z wydzia\u0142ami lotniczym i samochodowym, za\u0142o\u017con\u0105 od pocz\u0105tku roku szkolnego 1927\/28 . Szko\u0142a samochodowa mie\u015bci\u0142a si\u0119 w gmachu przy ul. Ho\u017cej 88. W okresie wojny i okupacji budynek szko\u0142y zaj\u0119\u0142a niemiecka jednostka wojskowa, a sale lekcyjne zamieniono na magazyny. W 2002 r. powo\u0142ano Zesp\u00f3\u0142 Szk\u00f3\u0142 Samochodowych i Licealnych Nr 1 i jest to obecna nazwa szko\u0142y.\u00a0 Od wrze\u015bnia 2012 r. najstarsza w Polsce \u201eSamochod\u00f3wka\u201d ma swoj\u0105 siedzib\u0119 przy \u00a0ul. Szcz\u0119\u015bliwickiej 56. Dzi\u0119ki szybkiej decyzji dyrektora Ryszarda Raczy\u0144skiego ju\u017c \u00a0w kwietniu 2011 r. d\u0105b zosta\u0142 posadzony w parafii \u015bw. Barbary w pobli\u017cu ko\u015bcio\u0142a, gdzie ochrzczony by\u0142 Jerzy Pep\u0142owski . W uroczysto\u015bci posadzenia D\u0119b\u00f3w Pami\u0119ci mjr. Jerzego Pep\u0142owskiego, zamordowanego w Katyniu i Kazimierza Goszczyckiego zamordowanego w Twerze na zako\u0144czenie szkolnych rekolekcji w uroczysto\u015bci udzia\u0142 wzi\u0119\u0142y dwie szko\u0142y &#8211; \u00a0zawodowa i technikum, uczniowie i grono pedagogiczne na czele z dyr.\u00a0 Ryszardem Raczy\u0144skim, rodzina bohatera. Tabliczki z napisami dla uczczenia bohater\u00f3w wykonali uczniowie na szkolnych warsztatach.\u00a0\u00a0\u00a0\u00a0\u00a0\u00a0\u00a0\u00a0\u00a0\u00a0\u00a0\u00a0\u00a0\u00a0\u00a0\u00a0\u00a0\u00a0\u00a0\u00a0\u00a0\u00a0\u00a0\u00a0\u00a0\u00a0\u00a0\u00a0\u00a0\u00a0\u00a0\u00a0\u00a0\u00a0\u00a0\u00a0\u00a0\u00a0\u00a0\u00a0\u00a0\u00a0\u00a0\u00a0\u00a0\u00a0\u00a0\u00a0\u00a0\u00a0\u00a0\u00a0\u00a0\u00a0\u00a0\u00a0\u00a0\u00a0\u00a0\u00a0\u00a0\u00a0\u00a0\u00a0\u00a0\u00a0\u00a0\u00a0\u00a0\u00a0\u00a0\u00a0\u00a0\u00a0\u00a0\u00a0\u00a0\u00a0\u00a0\u00a0\u00a0\u00a0\u00a0\u00a0\u00a0\u00a0\u00a0\u00a0\u00a0\u00a0\u00a0\u00a0\u00a0\u00a0\u00a0\u00a0\u00a0\u00a0\u00a0\u00a0\u00a0\u00a0\u00a0\u00a0\u00a0\u00a0\u00a0\u00a0\u00a0\u00a0\u00a0\u00a0\u00a0\u00a0\u00a0\u00a0\u00a0\u00a0\u00a0\u00a0\u00a0\u00a0\u00a0\u00a0\u00a0\u00a0\u00a0\u00a0\u00a0\u00a0\u00a0\u00a0\u00a0\u00a0\u00a0\u00a0\u00a0\u00a0\u00a0\u00a0\u00a0\u00a0\u00a0\u00a0\u00a0\u00a0\u00a0\u00a0\u00a0\u00a0\u00a0\u00a0\u00a0\u00a0\u00a0\u00a0\u00a0\u00a0\u00a0\u00a0\u00a0\u00a0\u00a0\u00a0\u00a0\u00a0\u00a0\u00a0\u00a0\u00a0\u00a0\u00a0\u00a0\u00a0\u00a0\u00a0\u00a0\u00a0\u00a0\u00a0\u00a0\u00a0\u00a0\u00a0\u00a0\u00a0\u00a0\u00a0\u00a0\u00a0\u00a0\u00a0\u00a0\u00a0\u00a0\u00a0\u00a0\u00a0\u00a0\u00a0\u00a0\u00a0\u00a0\u00a0\u00a0\u00a0\u00a0\u00a0\u00a0\u00a0\u00a0\u00a0\u00a0\u00a0\u00a0\u00a0\u00a0\u00a0\u00a0\u00a0\u00a0\u00a0\u00a0\u00a0\u00a0\u00a0\u00a0\u00a0\u00a0\u00a0\u00a0\u00a0\u00a0\u00a0\u00a0\u00a0\u00a0\u00a0\u00a0\u00a0\u00a0\u00a0\u00a0\u00a0\u00a0\u00a0\u00a0\u00a0\u00a0\u00a0\u00a0\u00a0\u00a0\u00a0\u00a0\u00a0\u00a0\u00a0\u00a0\u00a0\u00a0\u00a0\u00a0\u00a0\u00a0\u00a0\u00a0\u00a0\u00a0\u00a0\u00a0\u00a0\u00a0\u00a0\u00a0\u00a0\u00a0\u00a0\u00a0\u00a0\u00a0\u00a0\u00a0\u00a0\u00a0\u00a0\u00a0\u00a0\u00a0\u00a0\u00a0\u00a0\u00a0\u00a0\u00a0\u00a0\u00a0\u00a0\u00a0\u00a0\u00a0\u00a0\u00a0\u00a0\u00a0\u00a0\u00a0\u00a0\u00a0\u00a0\u00a0\u00a0\u00a0\u00a0\u00a0\u00a0\u00a0\u00a0\u00a0\u00a0\u00a0\u00a0\u00a0\u00a0\u00a0\u00a0\u00a0\u00a0\u00a0\u00a0\u00a0\u00a0\u00a0\u00a0\u00a0\u00a0\u00a0\u00a0\u00a0\u00a0\u00a0\u00a0\u00a0\u00a0\u00a0\u00a0\u00a0\u00a0\u00a0\u00a0\u00a0\u00a0\u00a0\u00a0\u00a0\u00a0\u00a0\u00a0\u00a0\u00a0\u00a0\u00a0\u00a0\u00a0\u00a0\u00a0\u00a0\u00a0\u00a0\u00a0\u00a0\u00a0\u00a0\u00a0\u00a0\u00a0\u00a0\u00a0\u00a0\u00a0\u00a0\u00a0\u00a0\u00a0\u00a0\u00a0\u00a0\u00a0\u00a0\u00a0\u00a0\u00a0\u00a0\u00a0\u00a0\u00a0\u00a0\u00a0\u00a0\u00a0\u00a0\u00a0\u00a0\u00a0\u00a0\u00a0\u00a0\u00a0\u00a0\u00a0\u00a0\u00a0 Za przekazywanie patriotyzmu m\u0142odemu pokoleniu, wsp\u00f3\u0142prac\u0119, pomoc i dzielenie si\u0119 wiedz\u0105 dzi\u0119kuj\u0119 panu Ryszardowi z ca\u0142ego serca!<\/p>\n<p>&nbsp;<\/p>\n<p>&nbsp;<\/p>\n\n\t\t<style type=\"text\/css\">\n\t\t\t#gallery-1 {\n\t\t\t\tmargin: auto;\n\t\t\t}\n\t\t\t#gallery-1 .gallery-item {\n\t\t\t\tfloat: left;\n\t\t\t\tmargin-top: 10px;\n\t\t\t\ttext-align: center;\n\t\t\t\twidth: 50%;\n\t\t\t}\n\t\t\t#gallery-1 img {\n\t\t\t\tborder: 2px solid #cfcfcf;\n\t\t\t}\n\t\t\t#gallery-1 .gallery-caption {\n\t\t\t\tmargin-left: 0;\n\t\t\t}\n\t\t\t\/* see gallery_shortcode() in wp-includes\/media.php *\/\n\t\t<\/style>\n\t\t<div id='gallery-1' class='gallery galleryid-7578 gallery-columns-2 gallery-size-thumbnail'><dl class='gallery-item'>\n\t\t\t<dt class='gallery-icon landscape'>\n\t\t\t\t<a href='http:\/\/kurierskruda.pl\/index.php\/ryszard-raczynski-uczen-i-wspolpracownik-jana-kowalskiego\/historia-regionu\/attachment\/161635258_1720993861413761_3827420201962653740_n-jpg-ryszard-raczynski'><img loading=\"lazy\" decoding=\"async\" width=\"155\" height=\"114\" src=\"http:\/\/kurierskruda.pl\/wp-content\/uploads\/2021\/03\/161635258_1720993861413761_3827420201962653740_n.jpg-Ryszard-Raczynski-155x114.jpg\" class=\"attachment-thumbnail size-thumbnail\" alt=\"\" aria-describedby=\"gallery-1-7582\" srcset=\"http:\/\/kurierskruda.pl\/wp-content\/uploads\/2021\/03\/161635258_1720993861413761_3827420201962653740_n.jpg-Ryszard-Raczynski-155x114.jpg 155w, http:\/\/kurierskruda.pl\/wp-content\/uploads\/2021\/03\/161635258_1720993861413761_3827420201962653740_n.jpg-Ryszard-Raczynski-300x220.jpg 300w, http:\/\/kurierskruda.pl\/wp-content\/uploads\/2021\/03\/161635258_1720993861413761_3827420201962653740_n.jpg-Ryszard-Raczynski-600x441.jpg 600w, http:\/\/kurierskruda.pl\/wp-content\/uploads\/2021\/03\/161635258_1720993861413761_3827420201962653740_n.jpg-Ryszard-Raczynski-100x73.jpg 100w, http:\/\/kurierskruda.pl\/wp-content\/uploads\/2021\/03\/161635258_1720993861413761_3827420201962653740_n.jpg-Ryszard-Raczynski-50x36.jpg 50w, http:\/\/kurierskruda.pl\/wp-content\/uploads\/2021\/03\/161635258_1720993861413761_3827420201962653740_n.jpg-Ryszard-Raczynski-271x200.jpg 271w, http:\/\/kurierskruda.pl\/wp-content\/uploads\/2021\/03\/161635258_1720993861413761_3827420201962653740_n.jpg-Ryszard-Raczynski.jpg 817w\" sizes=\"(max-width: 155px) 100vw, 155px\" \/><\/a>\n\t\t\t<\/dt>\n\t\t\t\t<dd class='wp-caption-text gallery-caption' id='gallery-1-7582'>\n\t\t\t\tD\u0119by Katy\u0144skie\n\t\t\t\t<\/dd><\/dl><dl class='gallery-item'>\n\t\t\t<dt class='gallery-icon portrait'>\n\t\t\t\t<a href='http:\/\/kurierskruda.pl\/index.php\/ryszard-raczynski-uczen-i-wspolpracownik-jana-kowalskiego\/historia-regionu\/attachment\/161443825_2899900513623134_3812790032853552053_n-jpg-wpis-do-kroniki-jan-kowalski'><img loading=\"lazy\" decoding=\"async\" width=\"103\" height=\"155\" src=\"http:\/\/kurierskruda.pl\/wp-content\/uploads\/2021\/03\/161443825_2899900513623134_3812790032853552053_n.jpg-wpis-do-kroniki-Jan-kowalski-103x155.jpg\" class=\"attachment-thumbnail size-thumbnail\" alt=\"\" aria-describedby=\"gallery-1-7581\" srcset=\"http:\/\/kurierskruda.pl\/wp-content\/uploads\/2021\/03\/161443825_2899900513623134_3812790032853552053_n.jpg-wpis-do-kroniki-Jan-kowalski-103x155.jpg 103w, http:\/\/kurierskruda.pl\/wp-content\/uploads\/2021\/03\/161443825_2899900513623134_3812790032853552053_n.jpg-wpis-do-kroniki-Jan-kowalski-200x300.jpg 200w, http:\/\/kurierskruda.pl\/wp-content\/uploads\/2021\/03\/161443825_2899900513623134_3812790032853552053_n.jpg-wpis-do-kroniki-Jan-kowalski-400x600.jpg 400w, http:\/\/kurierskruda.pl\/wp-content\/uploads\/2021\/03\/161443825_2899900513623134_3812790032853552053_n.jpg-wpis-do-kroniki-Jan-kowalski-66x100.jpg 66w, http:\/\/kurierskruda.pl\/wp-content\/uploads\/2021\/03\/161443825_2899900513623134_3812790032853552053_n.jpg-wpis-do-kroniki-Jan-kowalski-33x50.jpg 33w, http:\/\/kurierskruda.pl\/wp-content\/uploads\/2021\/03\/161443825_2899900513623134_3812790032853552053_n.jpg-wpis-do-kroniki-Jan-kowalski-133x200.jpg 133w, http:\/\/kurierskruda.pl\/wp-content\/uploads\/2021\/03\/161443825_2899900513623134_3812790032853552053_n.jpg-wpis-do-kroniki-Jan-kowalski.jpg 526w\" sizes=\"(max-width: 103px) 100vw, 103px\" \/><\/a>\n\t\t\t<\/dt>\n\t\t\t\t<dd class='wp-caption-text gallery-caption' id='gallery-1-7581'>\n\t\t\t\tJan Kowalski ps. &#8222;Lis&#8221;\n\t\t\t\t<\/dd><\/dl><br style=\"clear: both\" \/>\n\t\t<\/div>\n\n<p><strong>Anna Dziemska<\/strong><\/p>\n<p><strong>Foto: Anna Dziemska<\/strong><\/p>\n<p><strong>Warszawa, 22 marca 2021 r.<\/strong><\/p>\n<p>1\/ Opis uroczysto\u015bci posadzenia Katy\u0144skich\u00a0 D\u0119b\u00f3w Pami\u0119ci<\/p>\n<p><a href=\"https:\/\/www.facebook.com\/photo\/?fbid=1720993854747095&amp;set=a.138889799624183\">https:\/\/www.facebook.com\/photo\/?fbid=1720993854747095&amp;set=a.138889799624183<\/a><\/p>\n<p>2\/\u00a0 <a href=\"https:\/\/iochota.pl\/artykul\/9o-lat-najstarszej-szkoly-samochodowej-w-polsce\/27469\">https:\/\/iochota.pl\/artykul\/9o-lat-najstarszej-szkoly-samochodowej-w-polsce\/27469<\/a><\/p>\n<p>3\/ <a href=\"https:\/\/www.facebook.com\/media\/set?set=a.1156494921196994&amp;type=3\">https:\/\/www.facebook.com\/media\/set?set=a.1156494921196994&amp;type=3<\/a><\/p>\n","protected":false},"excerpt":{"rendered":"<p>&nbsp; Ryszard Raczy\u0144ski ucze\u0144 i wsp\u00f3\u0142pracownik Jana Kowalskiego Wieloletni pedagog Ryszard Raczy\u0144ski po\u0142\u0105czy\u0142 stare pokolenie z m\u0142odym. W tych dniach Ryszard Raczy\u0144ski dokona\u0142 w kronice szkolnej Technikum Mechaniki Precyzyjnej pami\u0105tkowego wpisu o Janie Kowalskim, pedagogu, dyrektorze tylko przez jeden rok i wieloletnim wicedyrektorze Technikum Mechaniki Precyzyjnej w Warszawie. We wpisie&#8230;<\/p>\n","protected":false},"author":2,"featured_media":7580,"comment_status":"open","ping_status":"closed","sticky":false,"template":"","format":"standard","meta":{"footnotes":""},"categories":[4],"tags":[560,1514,1512,542,1513],"class_list":["post-7578","post","type-post","status-publish","format-standard","has-post-thumbnail","hentry","category-historia-regionu","tag-czwarta-kompania-rejon-deby-armii-krajowej-praca-zbiorowa-jan-kowalski-ps-lis","tag-deby-katynskie","tag-jerzy-peplowski","tag-porucznik-jan-kowalski-pseudonim-lis","tag-ryszard-raczynski"],"aioseo_notices":[],"_links":{"self":[{"href":"http:\/\/kurierskruda.pl\/index.php\/wp-json\/wp\/v2\/posts\/7578"}],"collection":[{"href":"http:\/\/kurierskruda.pl\/index.php\/wp-json\/wp\/v2\/posts"}],"about":[{"href":"http:\/\/kurierskruda.pl\/index.php\/wp-json\/wp\/v2\/types\/post"}],"author":[{"embeddable":true,"href":"http:\/\/kurierskruda.pl\/index.php\/wp-json\/wp\/v2\/users\/2"}],"replies":[{"embeddable":true,"href":"http:\/\/kurierskruda.pl\/index.php\/wp-json\/wp\/v2\/comments?post=7578"}],"version-history":[{"count":12,"href":"http:\/\/kurierskruda.pl\/index.php\/wp-json\/wp\/v2\/posts\/7578\/revisions"}],"predecessor-version":[{"id":7594,"href":"http:\/\/kurierskruda.pl\/index.php\/wp-json\/wp\/v2\/posts\/7578\/revisions\/7594"}],"wp:featuredmedia":[{"embeddable":true,"href":"http:\/\/kurierskruda.pl\/index.php\/wp-json\/wp\/v2\/media\/7580"}],"wp:attachment":[{"href":"http:\/\/kurierskruda.pl\/index.php\/wp-json\/wp\/v2\/media?parent=7578"}],"wp:term":[{"taxonomy":"category","embeddable":true,"href":"http:\/\/kurierskruda.pl\/index.php\/wp-json\/wp\/v2\/categories?post=7578"},{"taxonomy":"post_tag","embeddable":true,"href":"http:\/\/kurierskruda.pl\/index.php\/wp-json\/wp\/v2\/tags?post=7578"}],"curies":[{"name":"wp","href":"https:\/\/api.w.org\/{rel}","templated":true}]}}