{"id":7429,"date":"2017-11-11T17:10:13","date_gmt":"2017-11-11T16:10:13","guid":{"rendered":"http:\/\/kurierskruda.pl\/?p=7429"},"modified":"2017-11-12T20:05:03","modified_gmt":"2017-11-12T19:05:03","slug":"opowiesc-rzeka-czesc-vii-skad-sie-wzial-halinow-czy-halinow-to-skruda-a-moze-skruda-to-halinow-co-to-byla-kolonia-zagaj","status":"publish","type":"post","link":"http:\/\/kurierskruda.pl\/index.php\/opowiesc-rzeka-czesc-vii-skad-sie-wzial-halinow-czy-halinow-to-skruda-a-moze-skruda-to-halinow-co-to-byla-kolonia-zagaj\/historia-regionu","title":{"rendered":"Halin\u00f3w dawniej letnisko &#8222;Wille Halin\u00f3w&#8221;! Wst\u0119p do dyskusji."},"content":{"rendered":"<p style=\"text-align: center;\"><span style=\"color: #800080;\">ryc.1 \u017ar\u00f3d\u0142o: na podstawie www.halin\u00f3w.pl &#8211; Osiedle &#8222;Wille Halin\u00f3w&#8221;\u00a0 z oko\u0142o 1900r (60ha) na mapie z 1933r, oraz stacja Skruda &#8211; dawniej Halin\u00f3w (1900-1914r.)<\/span><\/p>\n<p style=\"text-align: justify;\"><strong>Czy Halin\u00f3w to dawniej Skruda?\u00a0 Sk\u0105d si\u0119 wzi\u0105\u0142 Halin\u00f3w? Gdzie by\u0142a Kolonia Zagaj?<br \/>\n<\/strong><\/p>\n<p style=\"text-align: justify;\">Przegl\u0105daj\u0105c istniej\u0105ce opracowania (internet, ksi\u0105\u017cka <strong>&#8222;Halin\u00f3w dawniej Skruda&#8221;<\/strong>, oficjalna strona internetowa miasta Halin\u00f3w) dotycz\u0105ce historii powstania miejscowo\u015bci Halin\u00f3w, spostrzegawczy obserwator zauwa\u017cy du\u017co nie\u015bcis\u0142o\u015bci. Szczeg\u00f3lnie b\u0142\u0119dne jest wi\u0105zanie powstania Halinowa z wsi\u0105 Skruda, nap\u0142ywem okolicznej ludno\u015bci po 1866r i dziedzicznymi dobrami \u017cony w\u0142a\u015bciciela maj\u0105tku Skruda. A przecie\u017c wsi Skruda w tym miejscu nigdy nie by\u0142o i co za tym idzie nie by\u0142o te\u017c \u017cadnych d\u00f3br \u017cony w\u0142a\u015bciciela Skrudy.<\/p>\n<p style=\"text-align: justify;\">Dzieje powstania Halinowa zosta\u0142y obszernie opisane w <strong>znakomitej<\/strong> i jedynej, do tej pory, ksi\u0105\u017cce &#8222;<b>Halin\u00f3w dawniej Skruda&#8221; <\/b>(autor:<b> <\/b>E. Dziumak M. Raciborska z 2008r). Ksi\u0105\u017cka duetu Raciborska-Dziumak by\u0142a impulsem do dalszych poszukiwa\u0144. Z biegiem lat pojawi\u0142y si\u0119 nowe dowody, pozwalaj\u0105ce poprawi\u0107 i uzupe\u0142ni\u0107 t\u0105 histori\u0119.<\/p>\n<p style=\"text-align: justify;\">3 lipca 2015r na &#8222;Imieninach Haliny (Kuszkowskiej &#8211; red.) w Halinowie&#8221; Burmistrz Adam Ciszkowski poda\u0142 do publicznej wiadomo\u015bci informacj\u0119 o tym, \u017ce wg. nowych informacji, przystanek kolejowy Halin\u00f3w zosta\u0142 otworzony latem 1900r.\u00a0 dzi\u0119ki zabiegom w\u0142a\u015bciciela maj\u0105tku D\u0142uga Ko\u015bcielna pana Stanis\u0142awa Juszczy\u0144skiego. Wiadomo\u015b\u0107 ta zosta\u0142a opublikowana na stronie internetowej <strong>GCK i oficjalnej gminy Halin\u00f3w<\/strong>.<\/p>\n<p style=\"text-align: justify;\">R\u00f3wnie\u017c w 2015r na stronie internetowej <strong>&#8222;D\u0119be Wielkie i okolice &#8211; \u015bladami przesz\u0142o\u015bci&#8221;<\/strong> pan <strong>Robert Skorupa<\/strong> opublikowa\u0142 dwa wycinki z <strong>Kuriera Warszawskiego<\/strong>, wyja\u015bniaj\u0105ce czas i miejsce powstania Halinowa, stacji kolejowej i miejscowo\u015bci letniskowej.<\/p>\n<div id=\"attachment_7459\" style=\"width: 310px\" class=\"wp-caption aligncenter\"><a href=\"http:\/\/kurierskruda.pl\/wp-content\/uploads\/2010\/11\/IMG_0258.jpg\"><img loading=\"lazy\" decoding=\"async\" aria-describedby=\"caption-attachment-7459\" class=\"size-medium wp-image-7459\" src=\"http:\/\/kurierskruda.pl\/wp-content\/uploads\/2010\/11\/IMG_0258-300x105.jpg\" alt=\"Og\u0142oszenie zamieszczone w Kurierze Warszawskim 30.04.1900r - dzi\u0119ki \u201eD\u0119be Wielkie i okolice \u2013 \u015bladami przesz\u0142o\u015bci\u201d pan Robert Skorupa\" width=\"300\" height=\"105\" srcset=\"http:\/\/kurierskruda.pl\/wp-content\/uploads\/2010\/11\/IMG_0258-300x105.jpg 300w, http:\/\/kurierskruda.pl\/wp-content\/uploads\/2010\/11\/IMG_0258-155x54.jpg 155w, http:\/\/kurierskruda.pl\/wp-content\/uploads\/2010\/11\/IMG_0258-100x35.jpg 100w, http:\/\/kurierskruda.pl\/wp-content\/uploads\/2010\/11\/IMG_0258-50x17.jpg 50w, http:\/\/kurierskruda.pl\/wp-content\/uploads\/2010\/11\/IMG_0258.jpg 332w\" sizes=\"(max-width: 300px) 100vw, 300px\" \/><\/a><p id=\"caption-attachment-7459\" class=\"wp-caption-text\"><span style=\"color: #800080;\"><strong>ryc. 2 Og\u0142oszenie zamieszczone w Kurierze Warszawskim 30.04.1900r &#8211; dzi\u0119ki \u201eD\u0119be Wielkie i okolice \u2013 \u015bladami przesz\u0142o\u015bci\u201d pan Robert Skorupa.<\/strong><\/span><\/p><\/div>\n<p style=\"text-align: center;\"><span style=\"color: #000080;\"><em>&#8221; Z zaprowadzeniem nowego letniego rozk\u0142adu jazdy na kolejach nadwi\u015bla\u0144skich, wszystkie poci\u0105gi osobowe, z wyj\u0105tkiem kurierskich i po\u015bpiesznych, b\u0119d\u0105 si\u0119 zatrzymywa\u0142y na nowo otworzonym przystanku na 21 wior\u015bcie od Warszawy odnogi brzeskiej, nazwanym Halin\u00f3w. Przystanek ten otwarto dzi\u0119ki zabiegom w\u0142a\u015bciciela maj\u0105tku D\u0142uga Ko\u015bcielna, p. Juszczy\u0144skiego.&#8221;<\/em><\/span><\/p>\n<div id=\"attachment_7505\" style=\"width: 310px\" class=\"wp-caption aligncenter\"><a href=\"http:\/\/kurierskruda.pl\/wp-content\/uploads\/2010\/11\/kurierlas.jpg\"><img loading=\"lazy\" decoding=\"async\" aria-describedby=\"caption-attachment-7505\" class=\"size-medium wp-image-7505\" src=\"http:\/\/kurierskruda.pl\/wp-content\/uploads\/2010\/11\/kurierlas-300x233.jpg\" alt=\"\u017ar\u00f3d\u0142o: &quot;D\u0119be Wielkie i okolice - \u015bladami przesz\u0142o\u015bci&quot; - Kurier Warszawski 21.03.1902. Og\u0142oszenie o sprzeda\u017cy lasu.\" width=\"300\" height=\"233\" srcset=\"http:\/\/kurierskruda.pl\/wp-content\/uploads\/2010\/11\/kurierlas-300x233.jpg 300w, http:\/\/kurierskruda.pl\/wp-content\/uploads\/2010\/11\/kurierlas-155x120.jpg 155w, http:\/\/kurierskruda.pl\/wp-content\/uploads\/2010\/11\/kurierlas-600x466.jpg 600w, http:\/\/kurierskruda.pl\/wp-content\/uploads\/2010\/11\/kurierlas-100x77.jpg 100w, http:\/\/kurierskruda.pl\/wp-content\/uploads\/2010\/11\/kurierlas-50x38.jpg 50w, http:\/\/kurierskruda.pl\/wp-content\/uploads\/2010\/11\/kurierlas-257x200.jpg 257w\" sizes=\"(max-width: 300px) 100vw, 300px\" \/><\/a><p id=\"caption-attachment-7505\" class=\"wp-caption-text\"><strong><span style=\"color: #800080;\">ryc. 3 \u017ar\u00f3d\u0142o: &#8222;D\u0119be Wielkie i okolice &#8211; \u015bladami przesz\u0142o\u015bci&#8221; &#8211; Kurier Warszawski 21.03.1902. Og\u0142oszenie o sprzeda\u017cy lasu.<\/span><\/strong><\/p><\/div>\n<p style=\"text-align: center;\"><span style=\"color: #000080;\"><em>&#8222;Las pod budow\u0119 letnich mieszka\u0144.\u00a0 110 m\u00f3rg suchego g\u0119stego lasu 21 wiorst od Warszawy, przystanek kolei Terespolskiej &#8222;Halin\u00f3w&#8221; na miejscu do sprzedania w ca\u0142o\u015bci lub cz\u0119\u015bciowo. Wiadomo\u015b\u0107 dw\u00f3r D\u0142uga Ko\u015bcielna przez Mi\u0142osn\u0119.&#8221;<\/em><\/span><\/p>\n<p style=\"text-align: justify;\">Lokalizacj\u0119 wymienionych w\u00a0 1902r. 110 m\u00f3rg (60 ha) dzia\u0142ek letniskowych, w suchym lesie przedstawiono na ryc.1. Jest to obszar obecnie mi\u0119dzy ulicami Szkoln\u0105 i Kazimierza Pu\u0142awskiego, oraz Bema i Okuniewsk\u0105. Uk\u0142ad ulicy na tym obszarze pozosta\u0142 prawdopodobnie bez zmian od 1900r.<\/p>\n<p style=\"text-align: justify;\">Jeszcze w 1893r. w Warszawie zosta\u0142 wydany przewodnik turystyczny po Otwocku, zwanym wtedy &#8221; <b>Wille Otwockie&#8221; <\/b>lub &#8222;<b>Otwock Stacyjny&#8221;<\/b> (ryc. 4). Wydanie przewodnika zosta\u0142o wznowione w 2014r.<\/p>\n<div id=\"attachment_7466\" style=\"width: 221px\" class=\"wp-caption aligncenter\"><a href=\"http:\/\/kurierskruda.pl\/wp-content\/uploads\/2010\/11\/IMG_0285.jpg\"><img loading=\"lazy\" decoding=\"async\" aria-describedby=\"caption-attachment-7466\" class=\"size-medium wp-image-7466\" src=\"http:\/\/kurierskruda.pl\/wp-content\/uploads\/2010\/11\/IMG_0285-211x300.jpg\" alt=\"Wille w Otwocku i warunki pobytu tam\u017ce\" width=\"211\" height=\"300\" srcset=\"http:\/\/kurierskruda.pl\/wp-content\/uploads\/2010\/11\/IMG_0285-211x300.jpg 211w, http:\/\/kurierskruda.pl\/wp-content\/uploads\/2010\/11\/IMG_0285-109x155.jpg 109w, http:\/\/kurierskruda.pl\/wp-content\/uploads\/2010\/11\/IMG_0285-422x600.jpg 422w, http:\/\/kurierskruda.pl\/wp-content\/uploads\/2010\/11\/IMG_0285-70x100.jpg 70w, http:\/\/kurierskruda.pl\/wp-content\/uploads\/2010\/11\/IMG_0285-35x50.jpg 35w, http:\/\/kurierskruda.pl\/wp-content\/uploads\/2010\/11\/IMG_0285-140x200.jpg 140w, http:\/\/kurierskruda.pl\/wp-content\/uploads\/2010\/11\/IMG_0285.jpg 1165w\" sizes=\"(max-width: 211px) 100vw, 211px\" \/><\/a><p id=\"caption-attachment-7466\" class=\"wp-caption-text\"><span style=\"color: #800080;\"><strong>ryc. 4 Wille w Otwocku i warunki pobytu tam\u017ce 1893r.<\/strong><\/span><\/p><\/div>\n<div id=\"ox-22739f568f-AppleMailSignature\" style=\"text-align: justify;\">Analiza tych materia\u0142\u00f3w doprowadzi\u0142a nas do wniosku, \u017ce historia powstania <b>Willi Halin\u00f3w\u00a0 <\/b>(Halinowa) ma sw\u00f3j pocz\u0105tek oko\u0142o roku 1866, w okresie negocjacji <strong>Stanis\u0142awa Kuszkowskiego<\/strong> z zarz\u0105dem kolei na temat parcelacji maj\u0105tku D\u0142uga Ko\u015bcielna pod budow\u0119 linii kolejowej i stacji.<\/div>\n<div style=\"text-align: justify;\">Historia ta przetrwa\u0142a we wspomnieniach prawnuczki Stanis\u0142awa Kuszkowskiego , pani Marii Widerszal-Bazyl (&#8222;Halin\u00f3w dawniej Skruda&#8221; str. 53).<\/div>\n<div style=\"text-align: justify;\">Geneza powstania Halinowa jest nierozerwalnie zwi\u0105zana z histori\u0105 powstania <b>Willi Otwockich <\/b>(ok. 1885-1893). By\u0142a to ta sama, typowa historia i metoda budowy miejscowo\u015bci letniskowych przy liniach kolejowych, kt\u00f3re dynamicznie powstawa\u0142y\u00a0 w XIX w na terenach ca\u0142ej Europy. Na podstawie zebranego materia\u0142u, mogli\u015bmy\u00a0 odtworzy\u0107 etapy oraz tereny budowy i rozbudowy wsp\u00f3\u0142czesnego miasta <b>Halin\u00f3w.<\/b><\/div>\n<p style=\"text-align: justify;\"><strong>W XIX wieku <\/strong>istnia\u0142 obszerny maj\u0105tek\u00a0<strong> D\u0142uga Ko\u015bcielna<\/strong>, kt\u00f3rego cz\u0119\u015bci\u0105 by\u0142 <strong>Folwark Skruda<\/strong>.<\/p>\n<p style=\"text-align: justify;\"><strong>D\u0142uga Ko\u015bcielna.\u00a0<\/strong>Od 1887r.\u00a0 gospodarzem maj\u0105tku D\u0142uga Ko\u015bcielna by\u0142 pan <strong>Stanis\u0142aw Juszczy\u0144ski<\/strong>, kt\u00f3ry o\u017ceni\u0142 si\u0119 z p. <strong>Kazimier\u0105 z Aquilin\u00f3w<\/strong> wdow\u0105 po <strong>Ludwiku<\/strong> <strong>Kuszkowskim<\/strong> (zm. 1880r) (ryc. 5). <strong>Kazimiera Kuszkowska<\/strong> posiada\u0142a dwoje dzieci z pierwszego ma\u0142\u017ce\u0144stwa <strong>Halin\u0119 <\/strong>(ryc. 6) i Stefani\u0119.<\/p>\n<div id=\"attachment_7507\" style=\"width: 310px\" class=\"wp-caption aligncenter\"><a href=\"http:\/\/kurierskruda.pl\/wp-content\/uploads\/2010\/11\/kuszkowscy.jpg\"><img loading=\"lazy\" decoding=\"async\" aria-describedby=\"caption-attachment-7507\" class=\"size-medium wp-image-7507\" src=\"http:\/\/kurierskruda.pl\/wp-content\/uploads\/2010\/11\/kuszkowscy-300x205.jpg\" alt=\"\u017ar\u00f3d\u0142o: ksi\u0105\u017cka &quot;Halin\u00f3w dawniej Skruda&quot; - ma\u0142\u017ce\u0144stwo, pa\u0144stwo Kuszkowscy.\" width=\"300\" height=\"205\" srcset=\"http:\/\/kurierskruda.pl\/wp-content\/uploads\/2010\/11\/kuszkowscy-300x205.jpg 300w, http:\/\/kurierskruda.pl\/wp-content\/uploads\/2010\/11\/kuszkowscy-155x106.jpg 155w, http:\/\/kurierskruda.pl\/wp-content\/uploads\/2010\/11\/kuszkowscy-600x411.jpg 600w, http:\/\/kurierskruda.pl\/wp-content\/uploads\/2010\/11\/kuszkowscy-100x68.jpg 100w, http:\/\/kurierskruda.pl\/wp-content\/uploads\/2010\/11\/kuszkowscy-50x34.jpg 50w, http:\/\/kurierskruda.pl\/wp-content\/uploads\/2010\/11\/kuszkowscy-291x200.jpg 291w, http:\/\/kurierskruda.pl\/wp-content\/uploads\/2010\/11\/kuszkowscy.jpg 1005w\" sizes=\"(max-width: 300px) 100vw, 300px\" \/><\/a><p id=\"caption-attachment-7507\" class=\"wp-caption-text\"><span style=\"color: #800080;\"><strong>ryc. 5 \u017ar\u00f3d\u0142o: ksi\u0105\u017cka &#8222;Halin\u00f3w dawniej Skruda&#8221; &#8211; ma\u0142\u017ce\u0144stwo, pa\u0144stwo Kuszkowscy.<\/strong><\/span><\/p><\/div>\n<div id=\"attachment_7508\" style=\"width: 199px\" class=\"wp-caption aligncenter\"><a href=\"http:\/\/kurierskruda.pl\/wp-content\/uploads\/2010\/11\/Halina-kuszkowska.jpg\"><img loading=\"lazy\" decoding=\"async\" aria-describedby=\"caption-attachment-7508\" class=\"size-medium wp-image-7508\" src=\"http:\/\/kurierskruda.pl\/wp-content\/uploads\/2010\/11\/Halina-kuszkowska-189x300.jpg\" alt=\"\u017ar\u00f3d\u0142o: ksi\u0105\u017cka &quot;Halin\u00f3w dawniej Skruda&quot; - Halina Kuszkowska\" width=\"189\" height=\"300\" srcset=\"http:\/\/kurierskruda.pl\/wp-content\/uploads\/2010\/11\/Halina-kuszkowska-189x300.jpg 189w, http:\/\/kurierskruda.pl\/wp-content\/uploads\/2010\/11\/Halina-kuszkowska-97x155.jpg 97w, http:\/\/kurierskruda.pl\/wp-content\/uploads\/2010\/11\/Halina-kuszkowska-379x600.jpg 379w, http:\/\/kurierskruda.pl\/wp-content\/uploads\/2010\/11\/Halina-kuszkowska-63x100.jpg 63w, http:\/\/kurierskruda.pl\/wp-content\/uploads\/2010\/11\/Halina-kuszkowska-31x50.jpg 31w, http:\/\/kurierskruda.pl\/wp-content\/uploads\/2010\/11\/Halina-kuszkowska-126x200.jpg 126w, http:\/\/kurierskruda.pl\/wp-content\/uploads\/2010\/11\/Halina-kuszkowska.jpg 434w\" sizes=\"(max-width: 189px) 100vw, 189px\" \/><\/a><p id=\"caption-attachment-7508\" class=\"wp-caption-text\"><strong><span style=\"color: #800080;\">ryc. 6 \u017ar\u00f3d\u0142o: ksi\u0105\u017cka &#8222;Halin\u00f3w dawniej Skruda&#8221; &#8211; Halina Kuszkowska.<\/span><\/strong><\/p><\/div>\n<p><strong style=\"text-align: justify;\">Skruda <\/strong>by\u0142a\u00a0 folwarkiem maj\u0105tku <strong>D\u0142uga Ko\u015bcielna do roku 1917<\/strong>, kiedy to \u00f3wczesny w\u0142a\u015bciciel <strong>Stefan Rzewuski<\/strong> odsprzeda\u0142 j\u0105 niejakiemu <strong>Mizgalskiemu<\/strong>. W roku 1921 folwark Skruda liczy\u0142 5 dom\u00f3w i 65 mieszka\u0144c\u00f3w. Folwark Skruda w interesuj\u0105cym nas czasie (pomi\u0119dzy rokiem 1917 &#8211; 1945) wielokrotnie zmienia\u0142 w\u0142a\u015bciciela. Ostatnim w\u0142a\u015bcicielem folwarku Skruda <strong>od roku 1932 do 1945r.<\/strong>\u00a0 by\u0142 pan <strong>Stefan \u0141ytkowski.<br \/>\n<\/strong>W latach 1927 &#8211; 1933 \u00f3wczesny w\u0142a\u015bciciel maj\u0105tku Skruda, pose\u0142 na sejm\u00a0<a href=\"https:\/\/pl.wikipedia.org\/wiki\/Zygmunt_Kaczy%C5%84ski_(duchowny)\"> ksi\u0105dz <\/a><strong><a href=\"https:\/\/pl.wikipedia.org\/wiki\/Zygmunt_Kaczy%C5%84ski_(duchowny)\">Zygmunt Kaczy\u0144ski<\/a>\u00a0<\/strong>ze swojego maj\u0105tku 136 ha ziemi, wydzieli\u0142 47 ha (ryc. 7), kt\u00f3re przeznaczy\u0142 do parcelacji pod budow\u0119 osiedla <strong>&#8222;Miasto Ogr\u00f3d Skruda&#8221;<\/strong>.<\/p>\n<div id=\"attachment_7436\" style=\"width: 310px\" class=\"wp-caption aligncenter\"><a href=\"http:\/\/kurierskruda.pl\/wp-content\/uploads\/2017\/10\/skruda2.jpg\"><img loading=\"lazy\" decoding=\"async\" aria-describedby=\"caption-attachment-7436\" class=\"size-medium wp-image-7436\" src=\"http:\/\/kurierskruda.pl\/wp-content\/uploads\/2017\/10\/skruda2-300x212.jpg\" alt=\"Plan maj\u0105tku Skruda 1899r\" width=\"300\" height=\"212\" srcset=\"http:\/\/kurierskruda.pl\/wp-content\/uploads\/2017\/10\/skruda2-300x212.jpg 300w, http:\/\/kurierskruda.pl\/wp-content\/uploads\/2017\/10\/skruda2-155x109.jpg 155w, http:\/\/kurierskruda.pl\/wp-content\/uploads\/2017\/10\/skruda2-600x425.jpg 600w, http:\/\/kurierskruda.pl\/wp-content\/uploads\/2017\/10\/skruda2-100x70.jpg 100w, http:\/\/kurierskruda.pl\/wp-content\/uploads\/2017\/10\/skruda2-50x35.jpg 50w, http:\/\/kurierskruda.pl\/wp-content\/uploads\/2017\/10\/skruda2-282x200.jpg 282w, http:\/\/kurierskruda.pl\/wp-content\/uploads\/2017\/10\/skruda2.jpg 957w\" sizes=\"(max-width: 300px) 100vw, 300px\" \/><\/a><p id=\"caption-attachment-7436\" class=\"wp-caption-text\"><span style=\"color: #800080;\"><strong>ryc. 7 Plan folwarku Skruda sporz\u0105dzony w roku 1927 na podk\u0142adzie z mapy z 1899r.<\/strong><\/span><\/p><\/div>\n<p style=\"text-align: justify;\">Na rycinach przedstawiono\u00a0 historyczny podzia\u0142 d\u00f3br ziemskich maj\u0105tku D\u0142uga Ko\u015bcielna i folwarku Skruda, sk\u0142adaj\u0105cych si\u0119 na wsp\u00f3\u0142czesny Halin\u00f3w, zaprezentowany na mapie z 1933r. Nast\u0119pnie przeniesiony w skali 1:1 na na aktualn\u0105 map\u0119 miasta Halin\u00f3w z roku 2017.<\/p>\n<div id=\"attachment_7457\" style=\"width: 310px\" class=\"wp-caption aligncenter\"><a href=\"http:\/\/kurierskruda.pl\/wp-content\/uploads\/2010\/11\/skruda11.jpg\"><img loading=\"lazy\" decoding=\"async\" aria-describedby=\"caption-attachment-7457\" class=\"size-medium wp-image-7457\" src=\"http:\/\/kurierskruda.pl\/wp-content\/uploads\/2010\/11\/skruda11-300x271.jpg\" alt=\"Chronologiczny rozk\u0142ad parcelacji maj\u0105tk\u00f3w D\u0142uga Ko\u015bcielna i Skruda na mapie z roku 1933 \" width=\"300\" height=\"271\" srcset=\"http:\/\/kurierskruda.pl\/wp-content\/uploads\/2010\/11\/skruda11-300x271.jpg 300w, http:\/\/kurierskruda.pl\/wp-content\/uploads\/2010\/11\/skruda11-155x140.jpg 155w, http:\/\/kurierskruda.pl\/wp-content\/uploads\/2010\/11\/skruda11-100x90.jpg 100w, http:\/\/kurierskruda.pl\/wp-content\/uploads\/2010\/11\/skruda11-50x45.jpg 50w, http:\/\/kurierskruda.pl\/wp-content\/uploads\/2010\/11\/skruda11-221x200.jpg 221w, http:\/\/kurierskruda.pl\/wp-content\/uploads\/2010\/11\/skruda11.jpg 534w\" sizes=\"(max-width: 300px) 100vw, 300px\" \/><\/a><p id=\"caption-attachment-7457\" class=\"wp-caption-text\"><span style=\"color: #800080;\"><strong>ryc. 8 Chronologiczny rozk\u0142ad parcelacji maj\u0105tk\u00f3w D\u0142uga Ko\u015bcielna\u00a0 i Skruda na mapie z roku 1933 z ksi\u0105\u017cki &#8222;Halin\u00f3w dawniej Skruda&#8221;.<\/strong><\/span><\/p><\/div>\n<div id=\"attachment_7458\" style=\"width: 310px\" class=\"wp-caption aligncenter\"><a href=\"http:\/\/kurierskruda.pl\/wp-content\/uploads\/2010\/11\/parcelacje-halinow.jpg\"><img loading=\"lazy\" decoding=\"async\" aria-describedby=\"caption-attachment-7458\" class=\"size-medium wp-image-7458\" src=\"http:\/\/kurierskruda.pl\/wp-content\/uploads\/2010\/11\/parcelacje-halinow-300x273.jpg\" alt=\"Chronologiczny rozk\u0142ad parcelacji maj\u0105tk\u00f3w D\u0142uga Ko\u015bcielna i Skruda na mapie z roku 2017 \" width=\"300\" height=\"273\" srcset=\"http:\/\/kurierskruda.pl\/wp-content\/uploads\/2010\/11\/parcelacje-halinow-300x273.jpg 300w, http:\/\/kurierskruda.pl\/wp-content\/uploads\/2010\/11\/parcelacje-halinow-155x141.jpg 155w, http:\/\/kurierskruda.pl\/wp-content\/uploads\/2010\/11\/parcelacje-halinow-600x546.jpg 600w, http:\/\/kurierskruda.pl\/wp-content\/uploads\/2010\/11\/parcelacje-halinow-100x91.jpg 100w, http:\/\/kurierskruda.pl\/wp-content\/uploads\/2010\/11\/parcelacje-halinow-50x45.jpg 50w, http:\/\/kurierskruda.pl\/wp-content\/uploads\/2010\/11\/parcelacje-halinow-219x200.jpg 219w, http:\/\/kurierskruda.pl\/wp-content\/uploads\/2010\/11\/parcelacje-halinow.jpg 1002w\" sizes=\"(max-width: 300px) 100vw, 300px\" \/><\/a><p id=\"caption-attachment-7458\" class=\"wp-caption-text\"><span style=\"color: #800080;\"><strong>ryc. 9 Chronologiczny rozk\u0142ad parcelacji maj\u0105tk\u00f3w D\u0142uga Ko\u015bcielna\u00a0 i Skruda na mapie z roku 2017 z MPZP.<\/strong><\/span><\/p><\/div>\n<p style=\"text-align: center;\"><strong>Bilans powierzchni Halinowa i daty parcelacji maj\u0105tk\u00f3w D\u0142uga Ko\u015bcielna i Skruda.<\/strong><\/p>\n<p style=\"text-align: center;\">1. Wille Halin\u00f3w &#8211; <strong>60 ha<\/strong> &#8211; rok parcelacji przed 1900 &#8211; prawdopodobnie oko\u0142o roku <strong>1895 &#8211; 1902<\/strong>.<\/p>\n<p style=\"text-align: center;\">2. Wille Halin\u00f3w &#8222;2&#8221; &#8211; <strong>50 -60 ha<\/strong> &#8211; rok parcelacji <strong>1911<\/strong><\/p>\n<p style=\"text-align: center;\">3a. Miasto Ogr\u00f3d Skruda &#8211; <strong>47 ha<\/strong> &#8211; rok parcelacji <strong>1933<\/strong><\/p>\n<p style=\"text-align: center;\">3b. Kolonia Zagaj &#8211; <strong>20 -30 ha<\/strong> &#8211; rok parcelacji <strong>1933<\/strong><\/p>\n<p style=\"text-align: center;\">4.\u00a0 Parcelacja maj\u0105tku Skruda &#8211; <strong>90 ha<\/strong> &#8211; rok parcelacji <strong>1946<\/strong><\/p>\n<p style=\"text-align: center;\"><strong>\u0141\u0105cznie: 283 ha<\/strong><\/p>\n<p style=\"text-align: center;\">wg oficjalnych danych urz\u0119du w roku 2017, powierzchnia miasta Halin\u00f3w wynosi <strong>283 ha.<\/strong><\/p>\n<p style=\"text-align: justify;\">Prze\u0142om wieku XIX i XX to intensywny rozw\u00f3j kolei \u017celaznej. Dobry dojazd do miasta sprzyja powstawaniu modnych w ca\u0142ej \u00f3wczesnej\u00a0 Europie letnisk, pensjonat\u00f3w i satelitarnych do miast osiedli mieszkaniowych. W 1866r wybudowano stacje: Mi\u0142osna i D\u0119be Wielkie. W 1882r. w odleg\u0142o\u015bci ok 6 km od stacji D\u0119be Wielkie, przy dworze Olesin, powsta\u0142o modne letnisko Ostr\u00f3w, wielokrotnie opisywane w \u00f3wczesnej prasie &#8211; wi\u0119cej o letniskach i pensjonatach pisali\u015bmy tu: <span style=\"color: #000080;\"><a style=\"color: #000080;\" href=\"http:\/\/kurierskruda.pl\/index.php\/olesin-cisie-debe-wielkie-skruda-dluga-k-opowiesc-rzeka-czesc-iv-letniska-pensjonaty-cisie-skruda\/bez-kategorii\" target=\"_blank\">(Olesin, Cisie, D\u0119be Wielkie, Skruda, D\u0142uga K. \u2013 opowie\u015b\u0107 rzeka. Cz\u0119\u015b\u0107 IV \u2013 Letniska, pensjonaty, Cisie, Skruda )<\/a><\/span> Podobne letniska takie jak: Wille Otwockie, Wille Falenickie, Letnisko Brzegi (Andriollego z 1880r),\u00a0 Mi\u0142osna (parcelacja ksi\u0119cia Bulhaka), Letnisko Gucin (obecnie Legionowo-od hr. Augusta Potockiego, zwanego Guciem &#8211; 1885r.), Letnisko Konstancin (od hr Konstancji Skorzewskiej &#8211; 1897r) powstawa\u0142y\u00a0 dooko\u0142a ca\u0142ej Warszawy. O popularno\u015bci miejscowo\u015bci letniskowych niech po\u015bwiadczy ten artyku\u0142 zamieszczony w Kurierze warszawskim 22 lipca 1893r. (ryc. 10).<\/p>\n<div id=\"attachment_7487\" style=\"width: 310px\" class=\"wp-caption aligncenter\"><a href=\"http:\/\/kurierskruda.pl\/wp-content\/uploads\/2010\/11\/letnicy.jpg\"><img loading=\"lazy\" decoding=\"async\" aria-describedby=\"caption-attachment-7487\" class=\"size-medium wp-image-7487\" src=\"http:\/\/kurierskruda.pl\/wp-content\/uploads\/2010\/11\/letnicy-300x144.jpg\" alt=\"\u017ar\u00f3d\u0142o: &quot;D\u0119be Wielkie i okolice - \u015bladami przesz\u0142o\u015bci&quot; - Kr\u00f3tki artyku\u0142 zamieszczony w Kurierze Warszawskim z 22 lipca 1893 roku potwierdzaj\u0105cy tez\u0119 i\u017c okolice D\u0119bego by\u0142y pod koniec XIX wieku popularnym letniskiem podwarszawskim.\" width=\"300\" height=\"144\" srcset=\"http:\/\/kurierskruda.pl\/wp-content\/uploads\/2010\/11\/letnicy-300x144.jpg 300w, http:\/\/kurierskruda.pl\/wp-content\/uploads\/2010\/11\/letnicy-155x74.jpg 155w, http:\/\/kurierskruda.pl\/wp-content\/uploads\/2010\/11\/letnicy-100x48.jpg 100w, http:\/\/kurierskruda.pl\/wp-content\/uploads\/2010\/11\/letnicy-50x24.jpg 50w, http:\/\/kurierskruda.pl\/wp-content\/uploads\/2010\/11\/letnicy.jpg 466w\" sizes=\"(max-width: 300px) 100vw, 300px\" \/><\/a><p id=\"caption-attachment-7487\" class=\"wp-caption-text\"><span style=\"color: #800080;\"><strong>ryc. 10 \u017ar\u00f3d\u0142o: &#8222;D\u0119be Wielkie i okolice &#8211; \u015bladami przesz\u0142o\u015bci&#8221; &#8211; Kr\u00f3tki artyku\u0142 zamieszczony w Kurierze Warszawskim z 22 lipca 1893 roku potwierdzaj\u0105cy tez\u0119 i\u017c okolice D\u0119bego by\u0142y pod koniec XIX wieku popularnym letniskiem podwarszawskim.<\/strong><\/span><\/p><\/div>\n<p style=\"text-align: center;\"><span style=\"color: #000080;\"><em>&#8222;Na letnich mieszkaniach. Letnicy z Mi\u0142osny i D\u0119bego wnosz\u0105 za\u017calenie do zarz\u0105du kolei terespolskiej o stale powtarzaj\u0105cy si\u0119 brak miejsca w wieczornych poci\u0105gach \u015bwi\u0105tecznych. W ubieg\u0142\u0105 niedziel\u0119, z powodu niedostatecznej ilo\u015bci miejsc na pomienionych stacjach, pomi\u0119dzy publiczno\u015bci\u0105 a s\u0142u\u017cb\u0105 wszcz\u0119\u0142y si\u0119 liczne nieporozumienia, poci\u0105g za\u015b wieczorny przyby\u0142 do Warszawy p\u00f3\u017aniej o p\u00f3\u0142torej godziny t.j. dopiero po sprowadzeniu wagon\u00f3w dodatkowych ze stacji g\u0142\u00f3wnej.&#8221;<\/em><\/span><\/p>\n<p style=\"text-align: justify;\">Zgodnie z zaprezentowanym powy\u017cej harmonogramem parcelacji maj\u0105tk\u00f3w D\u0142uga Ko\u015bcielna i Skruda mo\u017cemy jednoznacznie stwierdzi\u0107, i\u017c faktyczny proces urbanizacji teren\u00f3w dzisiejszego Halinowa zapocz\u0105tkowa\u0142 pan <strong>Stanis\u0142aw Juszczy\u0144ski i Kazimiera Kuszkowska z Aquilin\u00f3w. <\/strong>\u00d3wcze\u015bni gospodarze maj\u0105tku D\u0142uga Ko\u015bcielna byli lud\u017ami wykszta\u0142conymi, z pewno\u015bci\u0105 czytali gazety. Byli \u015bwiadomi potencja\u0142u jaki posiada ich ziemia, na kt\u00f3rej wybudowano drog\u0119 kolei \u017celaznej. Musieli orientowa\u0107 si\u0119 w kierunkach mody letniskowej oraz zapotrzebowaniu na dzia\u0142ki letniskowe. Oni tak\u017ce podr\u00f3\u017cowali (w 1873r. odbyli podr\u00f3\u017c do W\u0142och), wyje\u017cd\u017cali, jak to m\u00f3wiono &#8222;do w\u00f3d&#8221; np. do Na\u0142\u0119czowa czy Ciechocinka. \u015aledzili rozw\u00f3j letnisk na tzw. linii otwockiej, prawie po s\u0105siedzku z D\u0142ug\u0105 Ko\u015bcieln\u0105. Ponadto Zarz\u0105d kolei, w tym sam <span style=\"color: #000080;\"><a style=\"color: #000080;\" title=\"Leopold Kronenberg\" href=\"https:\/\/pl.wikipedia.org\/wiki\/Leopold_Stanis%C5%82aw_Kronenberg\" target=\"_blank\"><strong>Leopold Kronenberg<\/strong><\/a><\/span>, aktywnie zach\u0119cali do budowy nowych miejscowo\u015bci letniskowych i nowych przystank\u00f3w. Zosta\u0142o to opisane w ksi\u0105\u017cce <strong>&#8222;Kronenberg, Andriolli i wilegiatura, czyli podwarszawskie letniska linii otwockiej&#8221;<\/strong> wyd. 2012r. (ryc. 11).<\/p>\n<div id=\"attachment_7536\" style=\"width: 219px\" class=\"wp-caption aligncenter\"><a href=\"http:\/\/kurierskruda.pl\/wp-content\/uploads\/2010\/11\/andriolli.jpg\"><img loading=\"lazy\" decoding=\"async\" aria-describedby=\"caption-attachment-7536\" class=\"size-medium wp-image-7536\" src=\"http:\/\/kurierskruda.pl\/wp-content\/uploads\/2010\/11\/andriolli-209x300.jpg\" alt=\"ryc.14 \" width=\"209\" height=\"300\" srcset=\"http:\/\/kurierskruda.pl\/wp-content\/uploads\/2010\/11\/andriolli-209x300.jpg 209w, http:\/\/kurierskruda.pl\/wp-content\/uploads\/2010\/11\/andriolli-108x155.jpg 108w, http:\/\/kurierskruda.pl\/wp-content\/uploads\/2010\/11\/andriolli-69x100.jpg 69w, http:\/\/kurierskruda.pl\/wp-content\/uploads\/2010\/11\/andriolli-34x50.jpg 34w, http:\/\/kurierskruda.pl\/wp-content\/uploads\/2010\/11\/andriolli-139x200.jpg 139w, http:\/\/kurierskruda.pl\/wp-content\/uploads\/2010\/11\/andriolli.jpg 400w\" sizes=\"(max-width: 209px) 100vw, 209px\" \/><\/a><p id=\"caption-attachment-7536\" class=\"wp-caption-text\"><strong><span style=\"color: #800080;\">\u00a0\u00a0\u00a0\u00a0\u00a0\u00a0\u00a0\u00a0\u00a0\u00a0\u00a0\u00a0\u00a0\u00a0\u00a0\u00a0\u00a0\u00a0\u00a0\u00a0\u00a0\u00a0\u00a0\u00a0\u00a0\u00a0\u00a0\u00a0\u00a0\u00a0\u00a0\u00a0\u00a0\u00a0\u00a0\u00a0\u00a0\u00a0\u00a0\u00a0\u00a0\u00a0\u00a0\u00a0\u00a0\u00a0\u00a0\u00a0\u00a0\u00a0\u00a0\u00a0\u00a0\u00a0\u00a0 ryc.11<\/span><\/strong><\/p><\/div>\n<p style=\"text-align: justify;\">Projekt Halinowa by\u0142 nierozerwalnie zwi\u0105zany z pomys\u0142em Otwockim. Prawdopodobnie zapocz\u0105tkowanym jeszcze za \u017cycia Ludwika Kuszkowskiego i przerwanym w wyniku jego \u015bmierci. Nowy gospodarz <strong>Stanis\u0142aw<\/strong> <strong>Juszczy\u0144ski<\/strong> pomys\u0142 kontynuowa\u0142 i w ci\u0105gu kolejnych 13 lat, a na pewno do roku 1900,\u00a0 doprowadzi\u0142 do zaprojektowania i parcelacji cz\u0119\u015bci d\u00f3br maj\u0105tku D\u0142uga Ko\u015bcielna &#8211; 60 ha lasu. <strong>Oko\u0142o roku 1895<\/strong> powstaje osiedle <b>Wille Halin\u00f3w <\/b>a tu\u017c po\u00a0 nim<b> w 1900r. stacja<\/b> kolei <b>Halin\u00f3w.<\/b><\/p>\n<p style=\"text-align: justify;\">Nazwa Halin\u00f3w pochodzi od imienia spadkobierczyni maj\u0105tku, c\u00f3rki \u017cony Juszczy\u0144skiego <strong>Haliny Kuszkowskiej. <\/strong>By\u0107 mo\u017ce teren na kt\u00f3rym posta\u0142y Wille Halin\u00f3w by\u0142 pierwotnie maj\u0105tkiem spadkowym Haliny Kuszkowskiej po zmar\u0142ym ojcu.<\/p>\n<p style=\"text-align: justify;\"><strong>Wille Halin\u00f3w,<\/strong>\u00a0to ambitny projekt urbanistyczny (letnisko Konstancin &#8211; 100 ha), zgodny z \u00f3wczesn\u0105 mod\u0105, kt\u00f3ry wykorzystywa\u0142 kolej warszawsko &#8211; terespolsk\u0105, jako element podnosz\u0105cy warto\u015b\u0107 sprzedawanych parceli.<\/p>\n<p style=\"text-align: justify;\">Przystanek kolejowy jako naturalny element dope\u0142niaj\u0105cy zaprojektowany model letniskowy zosta\u0142 uruchomiony w 1900r. Uruchomienie przystanku zosta\u0142o og\u0142oszone jak pisali\u015bmy powy\u017cej w <strong>Kurierze Warszawskim 30.04.1900r. <\/strong>Nowe osiedle rozwija\u0142o si\u0119 pomy\u015blnie. Wed\u0142ug spisu z 1921r, w Halinowie by\u0142o 27 willi i pensjonat\u00f3w. W Halinowie osiedla\u0142y si\u0119 elity \u00f3wczesnej Warszawy. Podobno mia\u0142 tu swoj\u0105 will\u0119 pu\u0142kownik rosyjski. Porzuci\u0142 j\u0105 uciekaj\u0105c w 1915 wraz z cofaj\u0105ca si\u0119 armi\u0105 rosyjsk\u0105. Mapa maj\u0105tku Skruda\u00a0 (sprzed parcelacji), umieszczona powy\u017cej (ryc. 7) ujawnia ju\u017c istniej\u0105ce <strong>Wille Halin\u00f3w. <\/strong><\/p>\n<p style=\"text-align: justify;\">W roku <strong>1935<\/strong> w\u00a0 rozporz\u0105dzeniu Ministra Spraw Wewn\u0119trznych z dnia 10 pa\u017adziernika 1935r Halin\u00f3w wyst\u0119puje ju\u017c jako samodzielna jednostka terytorialna: <strong>wie\u015b<\/strong>. Skruda w tym samym rozporz\u0105dzeniu nadal pozostaje folwarkiem. <strong><br \/>\n<\/strong><\/p>\n<div id=\"attachment_7510\" style=\"width: 275px\" class=\"wp-caption aligncenter\"><a href=\"http:\/\/kurierskruda.pl\/wp-content\/uploads\/2010\/11\/rozporz\u0105dzenie.jpg\"><img loading=\"lazy\" decoding=\"async\" aria-describedby=\"caption-attachment-7510\" class=\"size-medium wp-image-7510\" src=\"http:\/\/kurierskruda.pl\/wp-content\/uploads\/2010\/11\/rozporz\u0105dzenie-265x300.jpg\" alt=\"\u017ar\u00f3d\u0142o: Dziennik Ustaw. Poz. 481 i 482. Rozp. z 10.10.1935r\" width=\"265\" height=\"300\" srcset=\"http:\/\/kurierskruda.pl\/wp-content\/uploads\/2010\/11\/rozporz\u0105dzenie-265x300.jpg 265w, http:\/\/kurierskruda.pl\/wp-content\/uploads\/2010\/11\/rozporz\u0105dzenie-137x155.jpg 137w, http:\/\/kurierskruda.pl\/wp-content\/uploads\/2010\/11\/rozporz\u0105dzenie-530x600.jpg 530w, http:\/\/kurierskruda.pl\/wp-content\/uploads\/2010\/11\/rozporz\u0105dzenie-88x100.jpg 88w, http:\/\/kurierskruda.pl\/wp-content\/uploads\/2010\/11\/rozporz\u0105dzenie-44x50.jpg 44w, http:\/\/kurierskruda.pl\/wp-content\/uploads\/2010\/11\/rozporz\u0105dzenie-176x200.jpg 176w, http:\/\/kurierskruda.pl\/wp-content\/uploads\/2010\/11\/rozporz\u0105dzenie.jpg 900w\" sizes=\"(max-width: 265px) 100vw, 265px\" \/><\/a><p id=\"caption-attachment-7510\" class=\"wp-caption-text\"><span style=\"color: #800080;\"><strong>ryc. 12 \u017ar\u00f3d\u0142o: Dziennik Ustaw. Poz. 481 i 482. Rozp. z 10.10.1935r.<\/strong><\/span><\/p><\/div>\n<p style=\"text-align: justify;\"><strong>&#8222;Miasto ogr\u00f3d\u00a0 Skruda&#8221; by\u0142o trzecim w kolejno\u015bci projektem osiedli letniskowych.<\/strong><\/p>\n<p style=\"text-align: justify;\">W 1910r. powsta\u0142o osiedle i stacja Sulej\u00f3wek. W 1909 &#8211; 1913 powsta\u0142o osiedle Anin i &#8222;Miasto Ogr\u00f3d Z\u0105bki&#8221;.\u00a0 W 1914r\u00a0 zmieniono nazw\u0119 stacji kolejowej Halin\u00f3w na Skruda. Dlaczego? W <strong>1913r.<\/strong> ca\u0142y maj\u0105tek D\u0142uga Ko\u015bcielna z folwarkiem Skruda kupi\u0142 pan <strong>Stefan Rzewuski<\/strong>.\u00a0 Prawdopodobnie zmiana nazwy stacji by\u0142a przygotowaniem do parcelacji cz\u0119\u015bci maj\u0105tku Skruda, oraz budowy &#8222;Miasta Ogrodu&#8221;. Wybuch I Wojny \u015awiatowej wstrzyma\u0142 te plany.<\/p>\n<div id=\"attachment_2869\" style=\"width: 310px\" class=\"wp-caption aligncenter\"><a href=\"http:\/\/kurierskruda.pl\/wp-content\/uploads\/2011\/05\/skruda3-kopia.jpg\"><img loading=\"lazy\" decoding=\"async\" aria-describedby=\"caption-attachment-2869\" class=\"size-medium wp-image-2869\" src=\"http:\/\/kurierskruda.pl\/wp-content\/uploads\/2011\/05\/skruda3-kopia-300x260.jpg\" alt=\"Zdj\u0119cie z ksi\u0105\u017cki &quot;Halin\u00f3w dawniej Skruda&quot; - przystanek kolejowy SKRUDA oko\u0142o roku 1913\" width=\"300\" height=\"260\" srcset=\"http:\/\/kurierskruda.pl\/wp-content\/uploads\/2011\/05\/skruda3-kopia-300x260.jpg 300w, http:\/\/kurierskruda.pl\/wp-content\/uploads\/2011\/05\/skruda3-kopia-155x134.jpg 155w, http:\/\/kurierskruda.pl\/wp-content\/uploads\/2011\/05\/skruda3-kopia-600x520.jpg 600w, http:\/\/kurierskruda.pl\/wp-content\/uploads\/2011\/05\/skruda3-kopia-100x86.jpg 100w, http:\/\/kurierskruda.pl\/wp-content\/uploads\/2011\/05\/skruda3-kopia-50x43.jpg 50w, http:\/\/kurierskruda.pl\/wp-content\/uploads\/2011\/05\/skruda3-kopia-230x200.jpg 230w\" sizes=\"(max-width: 300px) 100vw, 300px\" \/><\/a><p id=\"caption-attachment-2869\" class=\"wp-caption-text\"><span style=\"color: #800080;\"><strong>ryc. 13 Zdj\u0119cie z ksi\u0105\u017cki &#8222;Halin\u00f3w dawniej Skruda&#8221; &#8211; przystanek kolejowy SKRUDA przed 1935r.<\/strong><\/span><\/p><\/div>\n<p style=\"text-align: justify;\"><strong>Dopiero w 1933r<\/strong>, w wyniku oczywistego sukcesu osiedla i letniska <strong>Wille Halin\u00f3w<\/strong>, i na kanwie modnego w\u00f3wczas <strong>projektu miasto-ogrodu<\/strong> powsta\u0142y <strong>dwie nowe inwestycje<\/strong> s\u0105siednich miejscowo\u015bci letniskowych.<\/p>\n<p style=\"text-align: justify;\">W\u0142a\u015bciciel maj\u0105tku Skruda<strong>,<\/strong>\u00a0 dokona\u0142 parcelacji swojego maj\u0105tku kreuj\u0105c wzorem Konstancina, Otwocka i Podkowy Le\u015bnej projekt &#8222;<strong>Miasta-Ogrodu Skruda&#8221;<\/strong>.<\/p>\n<div id=\"attachment_7240\" style=\"width: 310px\" class=\"wp-caption aligncenter\"><a href=\"http:\/\/kurierskruda.pl\/wp-content\/uploads\/2015\/02\/1.jpg\"><img loading=\"lazy\" decoding=\"async\" aria-describedby=\"caption-attachment-7240\" class=\"size-medium wp-image-7240\" src=\"http:\/\/kurierskruda.pl\/wp-content\/uploads\/2015\/02\/1-300x297.jpg\" alt=\"Reklama osiedla Skruda 1933 r. - zdj\u0119cie z ksi\u0105zki &quot;Halin\u00f3w dawniej Skruda&quot;\" width=\"300\" height=\"297\" srcset=\"http:\/\/kurierskruda.pl\/wp-content\/uploads\/2015\/02\/1-300x297.jpg 300w, http:\/\/kurierskruda.pl\/wp-content\/uploads\/2015\/02\/1-155x153.jpg 155w, http:\/\/kurierskruda.pl\/wp-content\/uploads\/2015\/02\/1-600x594.jpg 600w, http:\/\/kurierskruda.pl\/wp-content\/uploads\/2015\/02\/1-100x100.jpg 100w, http:\/\/kurierskruda.pl\/wp-content\/uploads\/2015\/02\/1-50x50.jpg 50w, http:\/\/kurierskruda.pl\/wp-content\/uploads\/2015\/02\/1-201x200.jpg 201w, http:\/\/kurierskruda.pl\/wp-content\/uploads\/2015\/02\/1.jpg 1278w\" sizes=\"(max-width: 300px) 100vw, 300px\" \/><\/a><p id=\"caption-attachment-7240\" class=\"wp-caption-text\"><span style=\"color: #800080;\"><strong>ryc. 14 Reklama osiedla Skruda 1933 r. &#8211; zdj\u0119cie z ksi\u0105\u017cki &#8222;Halin\u00f3w dawniej Skruda&#8221;.<\/strong><\/span><\/p><\/div>\n<div id=\"attachment_7241\" style=\"width: 310px\" class=\"wp-caption aligncenter\"><a href=\"http:\/\/kurierskruda.pl\/wp-content\/uploads\/2015\/02\/2.jpg\"><img loading=\"lazy\" decoding=\"async\" aria-describedby=\"caption-attachment-7241\" class=\"size-medium wp-image-7241\" src=\"http:\/\/kurierskruda.pl\/wp-content\/uploads\/2015\/02\/2-300x295.jpg\" alt=\"Reklama osiedla Skruda 1933 r. - zdj\u0119cie z ksi\u0105zki &quot;Halin\u00f3w dawniej Skruda&quot;\" width=\"300\" height=\"295\" srcset=\"http:\/\/kurierskruda.pl\/wp-content\/uploads\/2015\/02\/2-300x295.jpg 300w, http:\/\/kurierskruda.pl\/wp-content\/uploads\/2015\/02\/2-155x152.jpg 155w, http:\/\/kurierskruda.pl\/wp-content\/uploads\/2015\/02\/2-600x591.jpg 600w, http:\/\/kurierskruda.pl\/wp-content\/uploads\/2015\/02\/2-100x98.jpg 100w, http:\/\/kurierskruda.pl\/wp-content\/uploads\/2015\/02\/2-50x50.jpg 50w, http:\/\/kurierskruda.pl\/wp-content\/uploads\/2015\/02\/2-202x200.jpg 202w, http:\/\/kurierskruda.pl\/wp-content\/uploads\/2015\/02\/2.jpg 1296w\" sizes=\"(max-width: 300px) 100vw, 300px\" \/><\/a><p id=\"caption-attachment-7241\" class=\"wp-caption-text\"><span style=\"color: #800080;\"><strong>ryc. 15 Reklama osiedla Skruda 1933 r. &#8211; zdj\u0119cie z ksi\u0105\u017cki &#8222;Halin\u00f3w dawniej Skruda&#8221;.<\/strong><\/span><\/p><\/div>\n<div id=\"attachment_7489\" style=\"width: 326px\" class=\"wp-caption aligncenter\"><a href=\"http:\/\/kurierskruda.pl\/wp-content\/uploads\/2010\/11\/skruda.jpg\"><img loading=\"lazy\" decoding=\"async\" aria-describedby=\"caption-attachment-7489\" class=\" wp-image-7489\" src=\"http:\/\/kurierskruda.pl\/wp-content\/uploads\/2010\/11\/skruda-255x300.jpg\" alt=\"\u017ar\u00f3d\u0142o: &quot;D\u0119be Wielkie i okolice - \u015bladami przesz\u0142o\u015bci&quot; - Reklama zamieszczona w miesi\u0119czniku SREBRNY EKRAN z lipca 1938 roku zach\u0119caj\u0105ca do nabywania dzia\u0142ek budowlanych w osiedlu Skruda (obecnie Halin\u00f3w).\" width=\"316\" height=\"372\" srcset=\"http:\/\/kurierskruda.pl\/wp-content\/uploads\/2010\/11\/skruda-255x300.jpg 255w, http:\/\/kurierskruda.pl\/wp-content\/uploads\/2010\/11\/skruda-132x155.jpg 132w, http:\/\/kurierskruda.pl\/wp-content\/uploads\/2010\/11\/skruda-511x600.jpg 511w, http:\/\/kurierskruda.pl\/wp-content\/uploads\/2010\/11\/skruda-85x100.jpg 85w, http:\/\/kurierskruda.pl\/wp-content\/uploads\/2010\/11\/skruda-42x50.jpg 42w, http:\/\/kurierskruda.pl\/wp-content\/uploads\/2010\/11\/skruda-170x200.jpg 170w, http:\/\/kurierskruda.pl\/wp-content\/uploads\/2010\/11\/skruda.jpg 818w\" sizes=\"(max-width: 316px) 100vw, 316px\" \/><\/a><p id=\"caption-attachment-7489\" class=\"wp-caption-text\"><span style=\"color: #800080;\"><strong>ryc. 16 \u017ar\u00f3d\u0142o: &#8222;D\u0119be Wielkie i okolice &#8211; \u015bladami przesz\u0142o\u015bci&#8221; &#8211; Reklama zamieszczona w miesi\u0119czniku SREBRNY EKRAN z lipca 1938 roku zach\u0119caj\u0105ca do nabywania dzia\u0142ek budowlanych w osiedlu Skruda (obecnie Halin\u00f3w).<\/strong><\/span><\/p><\/div>\n<p>Natomiast z maj\u0105tku D\u0142uga Ko\u015bcielna wydzielono i poddano parcelacji teren<strong> oko\u0142o 20-30 ha<\/strong> na potrzeby oficerskiego osiedla o nazwie <strong>&#8222;Kolonia Zagaj&#8221;<\/strong>. Jeszcze przed wojna wybudowano kilka dom\u00f3w i d\u0142ugi betonowy chodnik. Chodnik ten przetrwa\u0142 jeszcze do oko\u0142o 1955 roku.<strong>\u00a0 \u00a0 \u00a0 \u00a0 \u00a0\u00a0 \u00a0\u00a0\u00a0\u00a0\u00a0\u00a0\u00a0\u00a0\u00a0\u00a0\u00a0\u00a0\u00a0\u00a0\u00a0\u00a0\u00a0\u00a0\u00a0\u00a0\u00a0\u00a0\u00a0\u00a0\u00a0\u00a0\u00a0\u00a0\u00a0\u00a0\u00a0\u00a0\u00a0\u00a0\u00a0\u00a0\u00a0\u00a0\u00a0\u00a0\u00a0\u00a0\u00a0\u00a0\u00a0\u00a0\u00a0\u00a0\u00a0\u00a0\u00a0\u00a0\u00a0\u00a0\u00a0\u00a0\u00a0\u00a0\u00a0\u00a0\u00a0\u00a0\u00a0\u00a0\u00a0\u00a0\u00a0\u00a0\u00a0\u00a0\u00a0\u00a0\u00a0\u00a0\u00a0\u00a0\u00a0\u00a0\u00a0\u00a0\u00a0\u00a0\u00a0\u00a0\u00a0\u00a0\u00a0\u00a0\u00a0\u00a0\u00a0\u00a0\u00a0\u00a0\u00a0\u00a0\u00a0\u00a0\u00a0\u00a0\u00a0\u00a0\u00a0\u00a0\u00a0\u00a0\u00a0\u00a0\u00a0\u00a0\u00a0\u00a0\u00a0\u00a0\u00a0\u00a0\u00a0\u00a0\u00a0\u00a0\u00a0\u00a0\u00a0\u00a0\u00a0\u00a0\u00a0\u00a0\u00a0\u00a0\u00a0\u00a0\u00a0\u00a0\u00a0 \u00a0 \u00a0 \u00a0 \u00a0 \u00a0 \u00a0 \u00a0\u00a0\u00a0\u00a0\u00a0\u00a0 \u00a0 \u00a0 \u00a0 \u00a0 \u00a0 \u00a0\u00a0 <\/strong>W <strong>1936r<\/strong> linia kolejowa zosta\u0142a zelektryfikowana, wybudowano nowe wysokie perony oraz wybudowano most na Wi\u015ble i linie \u015brednicow\u0105 do centrum Warszawy.<\/p>\n<div id=\"attachment_7509\" style=\"width: 310px\" class=\"wp-caption aligncenter\"><a href=\"http:\/\/kurierskruda.pl\/wp-content\/uploads\/2010\/11\/elektryczny.jpg\"><img loading=\"lazy\" decoding=\"async\" aria-describedby=\"caption-attachment-7509\" class=\"size-medium wp-image-7509\" src=\"http:\/\/kurierskruda.pl\/wp-content\/uploads\/2010\/11\/elektryczny-300x190.jpg\" alt=\"\u017ar\u00f3d\u0142o: rocznik j\u00f3zefowski - uroczyste otwarcie ruchu kolejowego na zelektryfikowanym odcinku Otwock-Warszawa-Pruszk\u00f3w.\" width=\"300\" height=\"190\" srcset=\"http:\/\/kurierskruda.pl\/wp-content\/uploads\/2010\/11\/elektryczny-300x190.jpg 300w, http:\/\/kurierskruda.pl\/wp-content\/uploads\/2010\/11\/elektryczny-155x98.jpg 155w, http:\/\/kurierskruda.pl\/wp-content\/uploads\/2010\/11\/elektryczny-600x381.jpg 600w, http:\/\/kurierskruda.pl\/wp-content\/uploads\/2010\/11\/elektryczny-100x63.jpg 100w, http:\/\/kurierskruda.pl\/wp-content\/uploads\/2010\/11\/elektryczny-50x31.jpg 50w, http:\/\/kurierskruda.pl\/wp-content\/uploads\/2010\/11\/elektryczny.jpg 654w\" sizes=\"(max-width: 300px) 100vw, 300px\" \/><\/a><p id=\"caption-attachment-7509\" class=\"wp-caption-text\"><span style=\"color: #800080;\"><strong>ryc. 17 \u017ar\u00f3d\u0142o: rocznik j\u00f3zefowski &#8211; uroczyste otwarcie ruchu kolejowego na zelektryfikowanym odcinku Otwock-Warszawa-Pruszk\u00f3w.<\/strong><\/span><\/p><\/div>\n<div id=\"attachment_7491\" style=\"width: 310px\" class=\"wp-caption aligncenter\"><a href=\"http:\/\/kurierskruda.pl\/wp-content\/uploads\/2010\/11\/sulejowek.jpg\"><img loading=\"lazy\" decoding=\"async\" aria-describedby=\"caption-attachment-7491\" class=\"size-medium wp-image-7491\" src=\"http:\/\/kurierskruda.pl\/wp-content\/uploads\/2010\/11\/sulejowek-300x225.jpg\" alt=\"\u017ar\u00f3d\u0142o: &quot;Dawny Sulej\u00f3wek&quot; - zdj\u0119cie stacji w Sulej\u00f3wku w roku oko\u0142o 1940. Identyczna stacja istnia\u0142a w Halinowie.\" width=\"300\" height=\"225\" srcset=\"http:\/\/kurierskruda.pl\/wp-content\/uploads\/2010\/11\/sulejowek-300x225.jpg 300w, http:\/\/kurierskruda.pl\/wp-content\/uploads\/2010\/11\/sulejowek-155x116.jpg 155w, http:\/\/kurierskruda.pl\/wp-content\/uploads\/2010\/11\/sulejowek-600x451.jpg 600w, http:\/\/kurierskruda.pl\/wp-content\/uploads\/2010\/11\/sulejowek-100x75.jpg 100w, http:\/\/kurierskruda.pl\/wp-content\/uploads\/2010\/11\/sulejowek-50x37.jpg 50w, http:\/\/kurierskruda.pl\/wp-content\/uploads\/2010\/11\/sulejowek-265x200.jpg 265w, http:\/\/kurierskruda.pl\/wp-content\/uploads\/2010\/11\/sulejowek.jpg 960w\" sizes=\"(max-width: 300px) 100vw, 300px\" \/><\/a><p id=\"caption-attachment-7491\" class=\"wp-caption-text\"><span style=\"color: #800080;\"><strong>ryc. 18 \u017ar\u00f3d\u0142o: &#8222;Dawny Sulej\u00f3wek&#8221; &#8211; zdj\u0119cie stacji w Sulej\u00f3wku w roku oko\u0142o 1940. Identyczna stacja istnia\u0142a w Halinowie.<\/strong><\/span><\/p><\/div>\n<p style=\"text-align: justify;\">Wybuch II Wojny \u015awiatowej zatrzyma\u0142 obydwa\u00a0 projekty. Po wojnie w 1946r wszystkie trzy osiedla oraz Dw\u00f3r Skruda i folwark z przyleg\u0142o\u015bciami, zosta\u0142y w\u0142\u0105czone do<strong> Halinowa <\/strong>(Halin\u00f3w by\u0142 najwi\u0119kszy obszarowo i najbardziej rozwini\u0119ty urbanistycznie, jego dominacja przes\u0105dzi\u0142a zapewne o przy\u0142\u0105czeniu mniejszych osiedli w jego granice administracyjne),<strong> zmieniono te\u017c ponownie nazw\u0119 stacji na Halin\u00f3w<\/strong>.\u00a0 Obszar dawnego osiedla Skruda bardzo szybko zosta\u0142 zurbanizowany, natomiast osiedle <strong>&#8222;Kolonii Zagaj&#8221;<\/strong> pozosta\u0142o lasem i nie zosta\u0142o w wi\u0119kszo\u015bci zagospodarowane.<\/p>\n<p style=\"text-align: justify;\">W roku <strong>1952<\/strong>, <b>Halin\u00f3w <\/b>zosta\u0142 w\u0142\u0105czony do Powiatu miejsko-uzdrowiskowego Otwock. W ten spos\u00f3b zosta\u0142y ponownie potwierdzone uzdrowiskowe walory Halinowa i jego \u015bcis\u0142e zwi\u0105zki z Otwockiem.\u00a0 &#8222;Miasto-Ogr\u00f3d Skruda&#8221;,\u00a0 zosta\u0142o w\u0142\u0105czone do Halinowa, nie trac\u0105c swoich walor\u00f3w i tworz\u0105c wsp\u00f3lnie &#8222;Miasto-Ogr\u00f3d Halin\u00f3w&#8221;.<\/p>\n<p style=\"text-align: justify;\"><strong>Halin\u00f3w dawniej Skruda?\u00a0 <\/strong>Pozostaniemy jednak przy: <strong>Halin\u00f3w dawniej letnisko &#8222;Wille Halin\u00f3w&#8221;<\/strong> jako przyczynek do dalszej dyskusji.<\/p>\n<p style=\"text-align: justify;\">Wiek XX przyni\u00f3s\u0142 przemiany spo\u0142eczne wynikaj\u0105ce z post\u0119pu technologicznego. Wielkie dwory ziemskie w wyniku rozwoju przemys\u0142u trac\u0105 na znaczeniu. Zostaj\u0105 dzielone i sukcesywnie sprzedawane.\u00a0 Na gruntach kt\u00f3re kiedy\u015b uprawiali rolnicy powstaj\u0105 osiedla mieszkaniowe dla robotnik\u00f3w pracuj\u0105cych w nieodleg\u0142ych miastach.<\/p>\n<p style=\"text-align: justify;\">Dzi\u015b w 2017r w \u015bwiadomo\u015bci mieszka\u0144c\u00f3w istnieje ju\u017c tylko Halin\u00f3w.\u00a0 Nieliczni jednak pami\u0119taj\u0105 poj\u0119cie (nazw\u0119) Skruda; stacja Skruda, Dw\u00f3r Skruda, &#8222;Miasto Ogr\u00f3d Skruda&#8221;.<\/p>\n<p style=\"text-align: justify;\"><strong>KALENDARIUM:<\/strong><\/p>\n<p style=\"text-align: justify;\"><strong>1866r.<\/strong> &#8211;\u00a0 negocjacje <strong>Stanis\u0142awa Kuszkowskiego<\/strong> z zarz\u0105dem kolei na temat parcelacji maj\u0105tku D\u0142uga Ko\u015bcielna pod budow\u0119 linii\u00a0\u00a0\u00a0\u00a0\u00a0\u00a0\u00a0\u00a0\u00a0\u00a0 kolejowej i stacji. Powstaje idea willi letniskowych<strong>.<\/strong><\/p>\n<p style=\"text-align: justify;\"><strong>1866r.<\/strong> &#8211; wybudowano stacje: Mi\u0142osna i D\u0119be Wielkie. Z tych stacji korzystali mieszka\u0144cy D\u0142ugiej Ko\u015bcielnej i Skrudy.<\/p>\n<p style=\"text-align: justify;\"><strong>1895 &#8211; 1902r.<\/strong> &#8211; parcelacja d\u00f3br dworu D\u0142uga Ko\u015bcielna na terenie dzisiejszego Halinowa &#8211; powstaje osiedle &#8222;<b>Wille Halin\u00f3w&#8221; <\/b>i projekt stacji.<b><br \/>\n<\/b><\/p>\n<p style=\"text-align: justify;\"><b> 1900r.<\/b> &#8211; powstaje stacja kolei <b>Halin\u00f3w.<\/b><\/p>\n<p style=\"text-align: justify;\"><span style=\"color: #800080;\"><strong><span style=\"color: #000000;\">30.04.1900r. <\/span><\/strong><span style=\"color: #000000;\">&#8211; Og\u0142oszenie zamieszczone w Kurierze Warszawskim<\/span> .<strong><br \/>\n<\/strong><\/span><\/p>\n<p style=\"text-align: justify;\"><span style=\"color: #000000;\"><strong>21.03.1902r <\/strong>&#8211; Og\u0142oszenie o sprzeda\u017cy lasu.<br \/>\n<\/span><\/p>\n<p style=\"text-align: justify;\"><strong>1911r. <\/strong>&#8211; powstaj\u0105 Wille Halin\u00f3w &#8222;2&#8221;.<\/p>\n<p style=\"text-align: justify;\"><strong>1913r.<\/strong> &#8211; ca\u0142y maj\u0105tek D\u0142uga Ko\u015bcielna z folwarkiem Skruda kupi\u0142 pan <strong>Stefan Rzewuski.<\/strong><\/p>\n<p style=\"text-align: justify;\"><strong>1914r<\/strong>. &#8211; zmieniono nazw\u0119 stacji kolejowej Halin\u00f3w na Skruda.<\/p>\n<p style=\"text-align: justify;\"><strong>1917r.\u00a0<\/strong>&#8211; <strong>Stefan Rzewuski<\/strong> odsprzeda\u0142\u00a0 SKRUD\u0118\u00a0 niejakiemu <strong>Mizgalskiemu.<\/strong><\/p>\n<p style=\"text-align: justify;\"><strong>1927 &#8211; 1933r.<\/strong> &#8211; kolejny w\u0142a\u015bciciel maj\u0105tku Skruda, <strong><a href=\"https:\/\/pl.wikipedia.org\/wiki\/Zygmunt_Kaczy%C5%84ski_(duchowny)\">Zygmunt Kaczy\u0144ski<\/a>\u00a0<\/strong>ze swojego maj\u0105tku 136 ha ziemi, wydzieli\u0142 47 ha, kt\u00f3re przeznaczy\u0142 do parcelacji pod budow\u0119 osiedla <strong>&#8222;Miasto Ogr\u00f3d Skruda&#8221;<\/strong>.<\/p>\n<p style=\"text-align: justify;\"><strong>1933r. <\/strong>&#8211; powstaje <strong>&#8222;Miasto Ogr\u00f3d Skruda&#8221; i\u00a0<\/strong> <strong>&#8222;Kolonia Zagaj&#8221;<\/strong>.<\/p>\n<p style=\"text-align: justify;\"><strong>1936r.<\/strong> &#8211; elektryfikacja linii kolejowej.<\/p>\n<p style=\"text-align: justify;\"><strong>1946r.<\/strong> &#8211; parcelacja pozosta\u0142ego maj\u0105tku Skruda.<\/p>\n<p style=\"text-align: justify;\"><strong>1946r.<\/strong> &#8211; powraca nawa stacji kolejowej Halin\u00f3w.<\/p>\n<p style=\"text-align: justify;\"><strong>1952r.<\/strong> &#8211; <b>Halin\u00f3w <\/b>zosta\u0142 w\u0142\u0105czony do Powiatu miejsko-uzdrowiskowego Otwock.<\/p>\n<p style=\"text-align: justify;\"><strong>1 stycznia 2001r. <\/strong>&#8211; Halin\u00f3w nabywa prawa miejskie.<\/p>\n<p><strong>autor: Andrzej Konowrocki i Artur Czy\u017cewski.<\/strong><\/p>\n","protected":false},"excerpt":{"rendered":"<p>ryc.1 \u017ar\u00f3d\u0142o: na podstawie www.halin\u00f3w.pl &#8211; Osiedle &#8222;Wille Halin\u00f3w&#8221;\u00a0 z oko\u0142o 1900r (60ha) na mapie z 1933r, oraz stacja Skruda &#8211; dawniej Halin\u00f3w (1900-1914r.) Czy Halin\u00f3w to dawniej Skruda?\u00a0 Sk\u0105d si\u0119 wzi\u0105\u0142 Halin\u00f3w? Gdzie by\u0142a Kolonia Zagaj? Przegl\u0105daj\u0105c istniej\u0105ce opracowania (internet, ksi\u0105\u017cka &#8222;Halin\u00f3w dawniej Skruda&#8221;, oficjalna strona internetowa miasta Halin\u00f3w)&#8230;<\/p>\n","protected":false},"author":2,"featured_media":7526,"comment_status":"open","ping_status":"closed","sticky":false,"template":"","format":"standard","meta":{"footnotes":""},"categories":[4],"tags":[244,275,7,1509,1506,1510,1507,1508,13,1511],"class_list":["post-7429","post","type-post","status-publish","format-standard","has-post-thumbnail","hentry","category-historia-regionu","tag-burmistrz-halinowa","tag-dluga-koscielna","tag-halinow","tag-juszczynski","tag-kolonia-zagaj","tag-kronenberg","tag-kuszkowski","tag-lytkowski","tag-skruda","tag-wille-halinow"],"aioseo_notices":[],"_links":{"self":[{"href":"http:\/\/kurierskruda.pl\/index.php\/wp-json\/wp\/v2\/posts\/7429"}],"collection":[{"href":"http:\/\/kurierskruda.pl\/index.php\/wp-json\/wp\/v2\/posts"}],"about":[{"href":"http:\/\/kurierskruda.pl\/index.php\/wp-json\/wp\/v2\/types\/post"}],"author":[{"embeddable":true,"href":"http:\/\/kurierskruda.pl\/index.php\/wp-json\/wp\/v2\/users\/2"}],"replies":[{"embeddable":true,"href":"http:\/\/kurierskruda.pl\/index.php\/wp-json\/wp\/v2\/comments?post=7429"}],"version-history":[{"count":118,"href":"http:\/\/kurierskruda.pl\/index.php\/wp-json\/wp\/v2\/posts\/7429\/revisions"}],"predecessor-version":[{"id":7573,"href":"http:\/\/kurierskruda.pl\/index.php\/wp-json\/wp\/v2\/posts\/7429\/revisions\/7573"}],"wp:featuredmedia":[{"embeddable":true,"href":"http:\/\/kurierskruda.pl\/index.php\/wp-json\/wp\/v2\/media\/7526"}],"wp:attachment":[{"href":"http:\/\/kurierskruda.pl\/index.php\/wp-json\/wp\/v2\/media?parent=7429"}],"wp:term":[{"taxonomy":"category","embeddable":true,"href":"http:\/\/kurierskruda.pl\/index.php\/wp-json\/wp\/v2\/categories?post=7429"},{"taxonomy":"post_tag","embeddable":true,"href":"http:\/\/kurierskruda.pl\/index.php\/wp-json\/wp\/v2\/tags?post=7429"}],"curies":[{"name":"wp","href":"https:\/\/api.w.org\/{rel}","templated":true}]}}