{"id":7402,"date":"2015-09-27T21:23:41","date_gmt":"2015-09-27T19:23:41","guid":{"rendered":"http:\/\/kurierskruda.pl\/?p=7402"},"modified":"2015-09-28T10:35:54","modified_gmt":"2015-09-28T08:35:54","slug":"debe-wielkie-dzieje-parafii-pw-sw-apostolow-piotra-i-pawla","status":"publish","type":"post","link":"http:\/\/kurierskruda.pl\/index.php\/debe-wielkie-dzieje-parafii-pw-sw-apostolow-piotra-i-pawla\/historia-regionu","title":{"rendered":"D\u0119be Wielkie &#8211; dzieje parafii pw. \u015bw. Aposto\u0142\u00f3w Piotra i Paw\u0142a"},"content":{"rendered":"<p>W czerwcu 2015 w kolejn\u0105 rocznic\u0119 \u015bwi\u0119ta parafii pw. \u015bw. Aposto\u0142\u00f3w Piotra i Paw\u0142a w D\u0119bem Wielkim, wsp\u00f3lnymi si\u0142ami: autor\u00f3w Anny Skorupy i Jana Majszyka, wydawcy Kuriera Skruda, redaktora Krzysztofa Zalewskiego, konsultanta i sponsora Andrzeja Konowrockiego w drukarni Zak\u0142ad\u00f3w Graficznych TAURUS powsta\u0142a ksi\u0105\u017cka pod tytu\u0142em:<\/p>\n<p style=\"text-align: center;\"><strong>D\u0119be Wielkie &#8211; dzieje parafii pw. \u015bw. Aposto\u0142\u00f3w Piotra i Paw\u0142a<\/strong><\/p>\n\n\t\t<style type=\"text\/css\">\n\t\t\t#gallery-1 {\n\t\t\t\tmargin: auto;\n\t\t\t}\n\t\t\t#gallery-1 .gallery-item {\n\t\t\t\tfloat: left;\n\t\t\t\tmargin-top: 10px;\n\t\t\t\ttext-align: center;\n\t\t\t\twidth: 25%;\n\t\t\t}\n\t\t\t#gallery-1 img {\n\t\t\t\tborder: 2px solid #cfcfcf;\n\t\t\t}\n\t\t\t#gallery-1 .gallery-caption {\n\t\t\t\tmargin-left: 0;\n\t\t\t}\n\t\t\t\/* see gallery_shortcode() in wp-includes\/media.php *\/\n\t\t<\/style>\n\t\t<div id='gallery-1' class='gallery galleryid-7402 gallery-columns-4 gallery-size-thumbnail'><dl class='gallery-item'>\n\t\t\t<dt class='gallery-icon portrait'>\n\t\t\t\t<a href='http:\/\/kurierskruda.pl\/historia-k-dw-3'><img loading=\"lazy\" decoding=\"async\" width=\"110\" height=\"155\" src=\"http:\/\/kurierskruda.pl\/wp-content\/uploads\/2015\/09\/Historia-k-DW-3-110x155.jpg\" class=\"attachment-thumbnail size-thumbnail\" alt=\"\" srcset=\"http:\/\/kurierskruda.pl\/wp-content\/uploads\/2015\/09\/Historia-k-DW-3-110x155.jpg 110w, http:\/\/kurierskruda.pl\/wp-content\/uploads\/2015\/09\/Historia-k-DW-3-213x300.jpg 213w, http:\/\/kurierskruda.pl\/wp-content\/uploads\/2015\/09\/Historia-k-DW-3-426x600.jpg 426w, http:\/\/kurierskruda.pl\/wp-content\/uploads\/2015\/09\/Historia-k-DW-3-71x100.jpg 71w, http:\/\/kurierskruda.pl\/wp-content\/uploads\/2015\/09\/Historia-k-DW-3-35x50.jpg 35w, http:\/\/kurierskruda.pl\/wp-content\/uploads\/2015\/09\/Historia-k-DW-3-142x200.jpg 142w, http:\/\/kurierskruda.pl\/wp-content\/uploads\/2015\/09\/Historia-k-DW-3.jpg 1552w\" sizes=\"(max-width: 110px) 100vw, 110px\" \/><\/a>\n\t\t\t<\/dt><\/dl><dl class='gallery-item'>\n\t\t\t<dt class='gallery-icon landscape'>\n\t\t\t\t<a href='http:\/\/kurierskruda.pl\/historia-k-dw-4'><img loading=\"lazy\" decoding=\"async\" width=\"155\" height=\"110\" src=\"http:\/\/kurierskruda.pl\/wp-content\/uploads\/2015\/09\/Historia-k-DW-4-155x110.jpg\" class=\"attachment-thumbnail size-thumbnail\" alt=\"\" srcset=\"http:\/\/kurierskruda.pl\/wp-content\/uploads\/2015\/09\/Historia-k-DW-4-155x110.jpg 155w, http:\/\/kurierskruda.pl\/wp-content\/uploads\/2015\/09\/Historia-k-DW-4-300x214.jpg 300w, http:\/\/kurierskruda.pl\/wp-content\/uploads\/2015\/09\/Historia-k-DW-4-600x428.jpg 600w, http:\/\/kurierskruda.pl\/wp-content\/uploads\/2015\/09\/Historia-k-DW-4-100x71.jpg 100w, http:\/\/kurierskruda.pl\/wp-content\/uploads\/2015\/09\/Historia-k-DW-4-50x35.jpg 50w, http:\/\/kurierskruda.pl\/wp-content\/uploads\/2015\/09\/Historia-k-DW-4-280x200.jpg 280w, http:\/\/kurierskruda.pl\/wp-content\/uploads\/2015\/09\/Historia-k-DW-4.jpg 1949w\" sizes=\"(max-width: 155px) 100vw, 155px\" \/><\/a>\n\t\t\t<\/dt><\/dl><dl class='gallery-item'>\n\t\t\t<dt class='gallery-icon landscape'>\n\t\t\t\t<a href='http:\/\/kurierskruda.pl\/historia-k-dw-2'><img loading=\"lazy\" decoding=\"async\" width=\"155\" height=\"123\" src=\"http:\/\/kurierskruda.pl\/wp-content\/uploads\/2015\/09\/Historia-k-DW-2-155x123.jpg\" class=\"attachment-thumbnail size-thumbnail\" alt=\"\" srcset=\"http:\/\/kurierskruda.pl\/wp-content\/uploads\/2015\/09\/Historia-k-DW-2-155x123.jpg 155w, http:\/\/kurierskruda.pl\/wp-content\/uploads\/2015\/09\/Historia-k-DW-2-300x239.jpg 300w, http:\/\/kurierskruda.pl\/wp-content\/uploads\/2015\/09\/Historia-k-DW-2-600x479.jpg 600w, http:\/\/kurierskruda.pl\/wp-content\/uploads\/2015\/09\/Historia-k-DW-2-100x79.jpg 100w, http:\/\/kurierskruda.pl\/wp-content\/uploads\/2015\/09\/Historia-k-DW-2-50x39.jpg 50w, http:\/\/kurierskruda.pl\/wp-content\/uploads\/2015\/09\/Historia-k-DW-2-250x200.jpg 250w, http:\/\/kurierskruda.pl\/wp-content\/uploads\/2015\/09\/Historia-k-DW-2.jpg 1949w\" sizes=\"(max-width: 155px) 100vw, 155px\" \/><\/a>\n\t\t\t<\/dt><\/dl><dl class='gallery-item'>\n\t\t\t<dt class='gallery-icon portrait'>\n\t\t\t\t<a href='http:\/\/kurierskruda.pl\/historia-k-dw1'><img loading=\"lazy\" decoding=\"async\" width=\"142\" height=\"155\" src=\"http:\/\/kurierskruda.pl\/wp-content\/uploads\/2015\/09\/Historia-k-DW1-142x155.jpg\" class=\"attachment-thumbnail size-thumbnail\" alt=\"\" srcset=\"http:\/\/kurierskruda.pl\/wp-content\/uploads\/2015\/09\/Historia-k-DW1-142x155.jpg 142w, http:\/\/kurierskruda.pl\/wp-content\/uploads\/2015\/09\/Historia-k-DW1-276x300.jpg 276w, http:\/\/kurierskruda.pl\/wp-content\/uploads\/2015\/09\/Historia-k-DW1-552x600.jpg 552w, http:\/\/kurierskruda.pl\/wp-content\/uploads\/2015\/09\/Historia-k-DW1-92x100.jpg 92w, http:\/\/kurierskruda.pl\/wp-content\/uploads\/2015\/09\/Historia-k-DW1-46x50.jpg 46w, http:\/\/kurierskruda.pl\/wp-content\/uploads\/2015\/09\/Historia-k-DW1-184x200.jpg 184w, http:\/\/kurierskruda.pl\/wp-content\/uploads\/2015\/09\/Historia-k-DW1.jpg 1649w\" sizes=\"(max-width: 142px) 100vw, 142px\" \/><\/a>\n\t\t\t<\/dt><\/dl><br style=\"clear: both\" \/>\n\t\t<\/div>\n\n<p><em>&#8222;Min\u0119\u0142o 100 lat od chwili, kiedy na naszej d\u0119bskiej ziemi, wzni\u00f3s\u0142 si\u0119 pi\u0119kny ko\u015bci\u00f3\u0142. Wraz z odej\u015bciem starszych pokole\u0144 zaciera si\u0119 pami\u0119\u0107 o dziejach powstania parafii i budowie ko\u015bcio\u0142a. Niniejsza praca ukazuje bardzo wa\u017cn\u0105 cz\u0119\u015b\u0107 \u017cycia spo\u0142ecznego mieszka\u0144c\u00f3w D\u0119bego Wielkiego, jak\u0105 jest \u017cycie religijne i parafialne. Uda\u0142o si\u0119 zebra\u0107 ciekawe,<\/em> <em>zapomniane lub przez wielu parafian nieznane fakty. Jeden wiek dzia\u0142alno\u015bci parafii, to czas r\u00f3\u017cnych zawirowa\u0144 politycznych i spo\u0142ecznych. Okres tu\u017c po wojnie \u2013 to czas biedy, upadku moralno\u015bci, migracji i zniszcze\u0144 wojennych. Czasy ustroju komunistycznego \u2013 ateizacja. Lata 70- te to gwa\u0142towny nap\u0142yw ludno\u015bci. Pomimo tych wszystkich trudno\u015bci nie wygas\u0142 duch religijno \u2013 patriotyczny. Wielu parafian i ksi\u0119\u017cy, czynem i s\u0142owem, przyczynia\u0142o si\u0119 do g\u0142oszenia praw Bo\u017cych i Ko\u015bcielnych. Zgodnie ze swymi mo\u017cliwo\u015bciami i uzdolnieniami s\u0142u\u017cyli ca\u0142ej wsp\u00f3lnocie. Remontowali, upi\u0119kszali i dbali o ko\u015bci\u00f3\u0142. Jan Pawe\u0142 II uczy\u0142, \u017ce parafia nigdy nie jest po prostu struktur\u0105, terytorium,<\/em> <em>budynkiem, ale raczej rodzin\u0105 Bo\u017c\u0105, jako braci o\u017cywionych duchem jedno\u015bci, domem. W\u015br\u00f3d parafian, duchowie\u0144stwa d\u0119bskiego byli i s\u0105 ludzie, kt\u00f3rzy dobrze pojmuj\u0105 istot\u0119 parafii. Rozumiej\u0105, \u017ce dobra parafia, to niekoniecznie ta, kt\u00f3ra ma pi\u0119kny i wyposa\u017cony ko\u015bci\u00f3\u0142 oraz sprawnie funkcjonuj\u0105c\u0105 administracj\u0119. Wa\u017cniejsza jest wzajemna mi\u0142o\u015b\u0107, troska o najbiedniejszych, odpowiedzialno\u015b\u0107 i solidarno\u015b\u0107. Przyczynianie si\u0119 do szcz\u0119\u015bcia innych poprzez dobre s\u0142owo, pomoc materialn\u0105, modlitw\u0119, dobry przyk\u0142ad. Praca ta upami\u0119tnia r\u00f3wnie\u017c tych ludzi. Nie zawsze poruszone tematy zosta\u0142y dog\u0142\u0119bnie opisane, ale niestety brak dost\u0119pnych \u017ar\u00f3de\u0142: zapis\u00f3w w kronikach, \u015bwiadk\u00f3w tamtych wydarze\u0144, zacieraj\u0105ca<\/em> <em>si\u0119 pami\u0119\u0107 ludzka, uniemo\u017cliwi\u0142y podanie wyczerpuj\u0105cych informacji. Pragniemy podzi\u0119kowa\u0107 wszystkim, kt\u00f3rzy okazali nam wiele \u017cyczliwo\u015bci i pomocy w gromadzeniu i opracowaniu tego materia\u0142u. Anna Skorupa, Jan Majszyk&#8221;<\/em><\/p>\n<p>Ksi\u0105\u017ck\u0119 mo\u017cna naby\u0107:<\/p>\n<p>&#8211; w Centrum Swobodna Przestrze\u0144<\/p>\n<p>&#8211; dzi\u0119ki uprzejmo\u015bci i wsparciu proboszcz\u00f3w w ko\u015bcio\u0142ach w D\u0119bem Wielkim i Wielgolesie Brzezi\u0144skim<\/p>\n<p>&#8211; w sklepach GS w Halinowie<\/p>\n<p>Zapraszamy do pozyskania naszej publikacji.<\/p>\n","protected":false},"excerpt":{"rendered":"<p>W czerwcu 2015 w kolejn\u0105 rocznic\u0119 \u015bwi\u0119ta parafii pw. \u015bw. Aposto\u0142\u00f3w Piotra i Paw\u0142a w D\u0119bem Wielkim, wsp\u00f3lnymi si\u0142ami: autor\u00f3w Anny Skorupy i Jana Majszyka, wydawcy Kuriera Skruda, redaktora Krzysztofa Zalewskiego, konsultanta i sponsora Andrzeja Konowrockiego w drukarni Zak\u0142ad\u00f3w Graficznych TAURUS powsta\u0142a ksi\u0105\u017cka pod tytu\u0142em: D\u0119be Wielkie &#8211; dzieje parafii&#8230;<\/p>\n","protected":false},"author":2,"featured_media":7401,"comment_status":"open","ping_status":"closed","sticky":false,"template":"","format":"standard","meta":{"footnotes":""},"categories":[4,10],"tags":[1197,1496,86,1194,1497,512,17,1498,1499,19],"class_list":["post-7402","post","type-post","status-publish","format-standard","has-post-thumbnail","hentry","category-historia-regionu","category-publikacje","tag-andrzej-konowrocki","tag-anna-majszyk","tag-centrum-swobodna-przestrzen","tag-debe-wielki","tag-debe-wielkie-dzieje-parafii-pw-sw-apostolow-piotra-i-pawla","tag-jan-majszyk","tag-krzysztof-zalewski","tag-ks-marek-twarowski","tag-ks-pralat-henryk-zaras","tag-kurier-skruda"],"aioseo_notices":[],"_links":{"self":[{"href":"http:\/\/kurierskruda.pl\/index.php\/wp-json\/wp\/v2\/posts\/7402"}],"collection":[{"href":"http:\/\/kurierskruda.pl\/index.php\/wp-json\/wp\/v2\/posts"}],"about":[{"href":"http:\/\/kurierskruda.pl\/index.php\/wp-json\/wp\/v2\/types\/post"}],"author":[{"embeddable":true,"href":"http:\/\/kurierskruda.pl\/index.php\/wp-json\/wp\/v2\/users\/2"}],"replies":[{"embeddable":true,"href":"http:\/\/kurierskruda.pl\/index.php\/wp-json\/wp\/v2\/comments?post=7402"}],"version-history":[{"count":4,"href":"http:\/\/kurierskruda.pl\/index.php\/wp-json\/wp\/v2\/posts\/7402\/revisions"}],"predecessor-version":[{"id":7406,"href":"http:\/\/kurierskruda.pl\/index.php\/wp-json\/wp\/v2\/posts\/7402\/revisions\/7406"}],"wp:featuredmedia":[{"embeddable":true,"href":"http:\/\/kurierskruda.pl\/index.php\/wp-json\/wp\/v2\/media\/7401"}],"wp:attachment":[{"href":"http:\/\/kurierskruda.pl\/index.php\/wp-json\/wp\/v2\/media?parent=7402"}],"wp:term":[{"taxonomy":"category","embeddable":true,"href":"http:\/\/kurierskruda.pl\/index.php\/wp-json\/wp\/v2\/categories?post=7402"},{"taxonomy":"post_tag","embeddable":true,"href":"http:\/\/kurierskruda.pl\/index.php\/wp-json\/wp\/v2\/tags?post=7402"}],"curies":[{"name":"wp","href":"https:\/\/api.w.org\/{rel}","templated":true}]}}