{"id":660,"date":"2010-11-07T09:45:34","date_gmt":"2010-11-07T08:45:34","guid":{"rendered":"http:\/\/kurierskruda.pl\/?p=660"},"modified":"2010-11-15T11:58:44","modified_gmt":"2010-11-15T10:58:44","slug":"dzieciece-halloween","status":"publish","type":"post","link":"http:\/\/kurierskruda.pl\/index.php\/dzieciece-halloween\/swobodna","title":{"rendered":"Dzieci\u0119ce Halloween"},"content":{"rendered":"<p>[singlepic id=150 w=150 h=120 float=left] W pi\u0105tek <strong>29 pa\u017adziernika<\/strong> w p\u00f3\u017anych godzinach popo\u0142udniowych do <strong>Swobodnej Przestrzeni<\/strong> przyby\u0142a spora grupa nieco dziwnych i przera\u017caj\u0105cych postaci.\u00a0 W oknach kompleksu straszy\u0142y paj\u0119czyny i powycinane dynie, a po \u015bcianach biega\u0142y paj\u0105ki.\u00a0 Okolicznych mieszka\u0144c\u00f3w opanowa\u0142 strach, a niekt\u00f3rzy z nich po dzi\u015b dzie\u0144 nie wychodz\u0105 z domu.\u00a0 Drodzy Pa\u0144stwo, nie ma czego si\u0119 ba\u0107, to\u00a0 tylko dzieci przebrane na <strong>Halloween Party<\/strong>, cho\u0107 musz\u0119 przyzna\u0107\u00a0 \u017ce niekt\u00f3re z nich wygl\u0105da\u0142y naprawd\u0119 strasznie. Piecz\u0119 nad imprez\u0105 sprawowa\u0142y ciocie Czarownice, kt\u00f3re przylecia\u0142y do Nas prosto z \u0141ysej G\u00f3ry i przygotowa\u0142y dla dzieci mn\u00f3stwo atrakcji. Pierwsza z nich by\u0142a naprawd\u0119 smakowita, bo mali przebiera\u0144cy musieli odnale\u017a\u0107 ukryte w najr\u00f3\u017cniejszych zakamarkach s\u0142odko\u015bci.\u00a0\u00a0<!--more-->Zadanie nie sprawi\u0142o dzieciakom wi\u0119kszej trudno\u015bci, o czym \u015bwiadczy\u0142y wszechobecne papierki od cukierk\u00f3w.\u00a0 Po nape\u0142nieniu ma\u0142ych brzuszk\u00f3w s\u0142odyczami rozpocz\u0119\u0142y si\u0119 ta\u0144ce. Zabawy taneczno &#8211; ruchowe poprowadzili zwykli \u015bmiertelnicy: ciocia Monika i wujek Rafa\u0142 i cho\u0107 \u017cadne z nich nie by\u0142o przera\u017caj\u0105ce, dzieciakom si\u0119 podoba\u0142o. Po ta\u0144cach i podskokach przyszed\u0142 czas na rozstrzygniecie konkursu na najlepsze przebranie. Nie by\u0142o \u0142atwo bo wszystkie stroje by\u0142y naprawd\u0119 \u015bwietne. Po d\u0142ugich naradach jury uzna\u0142o, \u017ce na wyr\u00f3\u017cnienie zas\u0142uguj\u0105 wszystkie dzieci, za\u015b na podium stan\u0119li: \u00a0Maja Czarownica (III miejsce),\u00a0 Maks Duszek (II miejsce) i straszliwy Kacper\u00a0 Wampir (I miejsce). \u00a0Nagrody w postaci naklejek \u015bciennych ( firmy <strong>Fly my butterfly<\/strong> ) i karnet\u00f3w na plac zabaw wr\u0119czyli sponsorzy w asy\u015bcie cio\u0107 Czarownic. \u00a0Na twarzach uczestnik\u00f3w opr\u00f3cz wymy\u015blnych malunk\u00f3w wida\u0107 by\u0142o szcz\u0119\u015bcie i zm\u0119czenie, s\u0105dz\u0119 wiec \u017ce impreza by\u0142a udana.<\/p>\n<p><strong>WOSK<\/strong><\/p>\n<p>[nggallery id=16]<\/p>\n","protected":false},"excerpt":{"rendered":"<p>[singlepic id=150 w=150 h=120 float=left] W pi\u0105tek 29 pa\u017adziernika w p\u00f3\u017anych godzinach popo\u0142udniowych do Swobodnej Przestrzeni przyby\u0142a spora grupa nieco dziwnych i przera\u017caj\u0105cych postaci.\u00a0 W oknach kompleksu straszy\u0142y paj\u0119czyny i powycinane dynie, a po \u015bcianach biega\u0142y paj\u0105ki.\u00a0 Okolicznych mieszka\u0144c\u00f3w opanowa\u0142 strach, a niekt\u00f3rzy z nich po dzi\u015b dzie\u0144 nie wychodz\u0105&#8230;<\/p>\n","protected":false},"author":2,"featured_media":0,"comment_status":"open","ping_status":"closed","sticky":false,"template":"","format":"standard","meta":{"footnotes":""},"categories":[12,96,106],"tags":[231,86,80,84,7,180,230,136],"class_list":["post-660","post","type-post","status-publish","format-standard","hentry","category-swobodna","category-dzieci-2","category-rozrywka","tag-bal-dla-dzieci","tag-centrum-swobodna-przestrzen","tag-cisie","tag-dzieci","tag-halinow","tag-halloween","tag-halloween-party","tag-swobodna-przestrzen"],"aioseo_notices":[],"_links":{"self":[{"href":"http:\/\/kurierskruda.pl\/index.php\/wp-json\/wp\/v2\/posts\/660"}],"collection":[{"href":"http:\/\/kurierskruda.pl\/index.php\/wp-json\/wp\/v2\/posts"}],"about":[{"href":"http:\/\/kurierskruda.pl\/index.php\/wp-json\/wp\/v2\/types\/post"}],"author":[{"embeddable":true,"href":"http:\/\/kurierskruda.pl\/index.php\/wp-json\/wp\/v2\/users\/2"}],"replies":[{"embeddable":true,"href":"http:\/\/kurierskruda.pl\/index.php\/wp-json\/wp\/v2\/comments?post=660"}],"version-history":[{"count":5,"href":"http:\/\/kurierskruda.pl\/index.php\/wp-json\/wp\/v2\/posts\/660\/revisions"}],"predecessor-version":[{"id":664,"href":"http:\/\/kurierskruda.pl\/index.php\/wp-json\/wp\/v2\/posts\/660\/revisions\/664"}],"wp:attachment":[{"href":"http:\/\/kurierskruda.pl\/index.php\/wp-json\/wp\/v2\/media?parent=660"}],"wp:term":[{"taxonomy":"category","embeddable":true,"href":"http:\/\/kurierskruda.pl\/index.php\/wp-json\/wp\/v2\/categories?post=660"},{"taxonomy":"post_tag","embeddable":true,"href":"http:\/\/kurierskruda.pl\/index.php\/wp-json\/wp\/v2\/tags?post=660"}],"curies":[{"name":"wp","href":"https:\/\/api.w.org\/{rel}","templated":true}]}}