{"id":639,"date":"2010-11-02T18:38:40","date_gmt":"2010-11-02T17:38:40","guid":{"rendered":"http:\/\/kurierskruda.pl\/?p=639"},"modified":"2010-11-22T13:52:06","modified_gmt":"2010-11-22T12:52:06","slug":"mgr-ewa-zawadzka-niezalezna-kandydatka-do-rady-miejskiej-w-halinowie","status":"publish","type":"post","link":"http:\/\/kurierskruda.pl\/index.php\/mgr-ewa-zawadzka-niezalezna-kandydatka-do-rady-miejskiej-w-halinowie\/informacje","title":{"rendered":"Mgr Ewa Zawadzka -niezale\u017cna kandydatka do Rady Miejskiej w Halinowie"},"content":{"rendered":"<p>[singlepic id=108 w=150 h=120 float=left]<strong>Jestem niezale\u017cn\u0105 kandydatk\u0105 do Rady Miejskiej w Halinowie.<\/strong> Mieszkam i pracuj\u0119 tutaj od 20-u lat. W latach 90-tych by\u0142am dyrektorem  przedszkola przy ul Mickiewicza, obecnie jestem nauczycielem dyplomowanym w przedszkolu przy ZS w Halinowie. Dodatkowo 4,5r prowadzi\u0142am jako nauczyciel O\u015brodek Przedszkolny w D\u0142ugiej Szlacheckiej. Wsp\u00f3lnie z rodzicami i Urz\u0119dem Gminy uda\u0142o nam si\u0119 wyremontowa\u0107 i powi\u0119kszy\u0107 pomieszczenia przedszkolne, kt\u00f3re pos\u0142u\u017cy\u0142y nie tylko przedszkolakom ale tak\u017ce dzieciom ze Stowarzyszenia na rzecz os\u00f3b Niepe\u0142nosprawnych ,,Kubu\u015b\u201d. Jako cz\u0142onek tego stowarzyszenia, p\u00f3\u017aniej cz\u0142onek zarz\u0105du, przez 5 lat stara\u0142am si\u0119 s\u0142u\u017cy\u0107 pomoc\u0105 niepe\u0142nosprawnym. <!--more--><\/p>\n<p>W 2007r zosta\u0142am zg\u0142oszona do konkursu ,,Dla dobra wsp\u00f3lnego\u201d<\/p>\n<p>W 2008\/2009r przygotowywa\u0142am z halinowsk\u0105 m\u0142odzie\u017c\u0105 na warsztatach muzyczno-teatralnych musical wystawiony w teatrze w Micha\u0142owie.<\/p>\n<p>Jako nauczyciel systematycznie bior\u0119 udzia\u0142 w lokalnych inicjatywach zwi\u0105zanych z o\u015bwiat\u0105 i kultur\u0105. Mieszkaj\u0105c w Halinowie i pracuj\u0105c przez wiele lat zawodowo i spo\u0142ecznie na rzecz naszego \u015brodowiska znam i rozumiem lokalne problemy. Kandyduj\u0119, bo chc\u0119 aby\u015bmy mieszkali w miejscu bezpiecznym, \u0142adnym i atrakcyjnym dla dzieci, m\u0142odzie\u017cy i starszych.<\/p>\n<p><strong>M\u00f3j program: <\/strong><\/p>\n<p><strong>poprawa bezpiecze\u0144stwa<\/strong><\/p>\n<p>-garby bezpiecze\u0144stwa w  okolicy szko\u0142y<\/p>\n<p>-podjazdy dla w\u00f3zk\u00f3w i niepe\u0142nosprawnych w miejscach u\u017cyteczno\u015bci publicznej<\/p>\n<p>-zorganizowanie stra\u017cy miejskiej<\/p>\n<p><strong>poprawa warunk\u00f3w nauki w ZS w Halinowie<\/strong><\/p>\n<p>-rozdzielenie przedszkola, szko\u0142y podstawowej i gimnazjum<\/p>\n<p><strong>stworzenie lepszych warunk\u00f3w rekreacji<\/strong><\/p>\n<p>-hala sportowa czynna  w sobot\u0119<\/p>\n<p>-stworzenia skateparku i lodowiska<\/p>\n<p>-park miejski przy Domu Kultury w Halinowie<\/p>\n<p>-poprawa warunk\u00f3w w Domu Kultury<\/p>\n<p><strong>poprawa stanu ulic<\/strong><\/p>\n<p>-asfalt i chodniki lub utwardzone pobocza na g\u0142\u00f3wnych ulicach,<\/p>\n<p>-systematyczne poprawianie nawierzchni ulic bocznych<\/p>\n<p><strong>dbanie o czysto\u015b\u0107 \u015brodowiska<\/strong><\/p>\n<p>-wi\u0119ksza ilo\u015b\u0107 koszy na \u015bmieci na ulicach<\/p>\n<p>-wi\u0119cej kontener\u00f3w na \u015bmieci<\/p>\n<p>-jesienna akcja ,,Sprz\u0105tanie li\u015bci\u201d<\/p>\n<p>naszym has\u0142em niech b\u0119dzie: <strong>BEZPIECZNE MIASTO MIEJSCEM AKTYWNEGO \u017bYCIA<\/strong><\/p>\n<p><strong>Zapraszam Pa\u0144stwa na spotkanie wyborcze:<\/strong><\/p>\n<p>-10.11.10r (\u015broda) g. 19.00r Dom Kultury w Halinowie<\/p>\n<p>-15.11.10r  (poniedzia\u0142ek) g. 19.00 Centrum Swobodna Przestrze\u0144 w Cisiu.<\/p>\n","protected":false},"excerpt":{"rendered":"<p>[singlepic id=108 w=150 h=120 float=left]Jestem niezale\u017cn\u0105 kandydatk\u0105 do Rady Miejskiej w Halinowie. Mieszkam i pracuj\u0119 tutaj od 20-u lat. W latach 90-tych by\u0142am dyrektorem przedszkola przy ul Mickiewicza, obecnie jestem nauczycielem dyplomowanym w przedszkolu przy ZS w Halinowie. Dodatkowo 4,5r prowadzi\u0142am jako nauczyciel O\u015brodek Przedszkolny w D\u0142ugiej Szlacheckiej. Wsp\u00f3lnie z&#8230;<\/p>\n","protected":false},"author":2,"featured_media":0,"comment_status":"open","ping_status":"closed","sticky":false,"template":"","format":"standard","meta":{"footnotes":""},"categories":[12,5],"tags":[86,226,7],"class_list":["post-639","post","type-post","status-publish","format-standard","hentry","category-swobodna","category-informacje","tag-centrum-swobodna-przestrzen","tag-ewa-zawadzka","tag-halinow"],"aioseo_notices":[],"_links":{"self":[{"href":"http:\/\/kurierskruda.pl\/index.php\/wp-json\/wp\/v2\/posts\/639"}],"collection":[{"href":"http:\/\/kurierskruda.pl\/index.php\/wp-json\/wp\/v2\/posts"}],"about":[{"href":"http:\/\/kurierskruda.pl\/index.php\/wp-json\/wp\/v2\/types\/post"}],"author":[{"embeddable":true,"href":"http:\/\/kurierskruda.pl\/index.php\/wp-json\/wp\/v2\/users\/2"}],"replies":[{"embeddable":true,"href":"http:\/\/kurierskruda.pl\/index.php\/wp-json\/wp\/v2\/comments?post=639"}],"version-history":[{"count":4,"href":"http:\/\/kurierskruda.pl\/index.php\/wp-json\/wp\/v2\/posts\/639\/revisions"}],"predecessor-version":[{"id":642,"href":"http:\/\/kurierskruda.pl\/index.php\/wp-json\/wp\/v2\/posts\/639\/revisions\/642"}],"wp:attachment":[{"href":"http:\/\/kurierskruda.pl\/index.php\/wp-json\/wp\/v2\/media?parent=639"}],"wp:term":[{"taxonomy":"category","embeddable":true,"href":"http:\/\/kurierskruda.pl\/index.php\/wp-json\/wp\/v2\/categories?post=639"},{"taxonomy":"post_tag","embeddable":true,"href":"http:\/\/kurierskruda.pl\/index.php\/wp-json\/wp\/v2\/tags?post=639"}],"curies":[{"name":"wp","href":"https:\/\/api.w.org\/{rel}","templated":true}]}}