{"id":6322,"date":"2014-03-23T21:41:47","date_gmt":"2014-03-23T20:41:47","guid":{"rendered":"http:\/\/kurierskruda.pl\/?p=6322"},"modified":"2014-07-09T20:25:35","modified_gmt":"2014-07-09T18:25:35","slug":"dwor-w-aleksandrowce-pamieta-czasy-powstania-listopadowego","status":"publish","type":"post","link":"http:\/\/kurierskruda.pl\/index.php\/dwor-w-aleksandrowce-pamieta-czasy-powstania-listopadowego\/historia-regionu","title":{"rendered":"Dw\u00f3r w Aleksandr\u00f3wce pami\u0119ta czasy Powstania Listopadowego"},"content":{"rendered":"<div class=\"section\">\n<h3>\u017ar\u00f3d\u0142o:http:\/\/www.polskiezabytki.pl\/m\/obiekt\/3941\/Aleksandrowka\/<\/h3>\n<h3>Historia<\/h3>\n<p>Dw\u00f3r zosta\u0142 wybudowany w roku 1830. W latach p\u00f3\u017aniejszych by\u0142 rozbudowywany. Posiad\u0142o\u015b\u0107 w pocz\u0105tku XIX wieku nale\u017ca\u0142a do rodziny D\u0105browskich. W roku 1835 przesz\u0142a w posiadanie Anny Przepi\u00f3rowskiej. W roku 1887 maj\u0105tek odziedziczy\u0142a jej c\u00f3rka Irena Kosi\u0144ska. W roku 1915 maj\u0105tek przeszed\u0142 dalej, do c\u00f3rki tej ostatniej Edwardy z Kosi\u0144skich Kurkowskiej. Rodzina ta mia\u0142a w swych dziejach epizody powsta\u0144cze. Napoleon Kosi\u0144ski- ojciec Edwardy Kurkowskiej oraz jej wuj Mateusz Przepi\u00f3rkowski walczyli w powstaniu 1863 roku. Mateusz Przepi\u00f3rkowski udzia\u0142 w powstaniu przep\u0142aci\u0142 zes\u0142aniem na Sybir gdzie zmar\u0142. W latach mi\u0119dzy wojennych dw\u00f3r nale\u017ca\u0142 do Edwarda i Stanis\u0142awa Kurkowskich. W ich r\u0119kach maj\u0105tek pozostawa\u0142 jeszcze po zako\u0144czeniu II Wojny \u015awiatowej. W latach 50 tych dw\u00f3r zosta\u0142 rodzinie Kurkowskich odebrany lecz w latach 70 tych ci zn\u00f3w stali si\u0119 jego w\u0142a\u015bcicielami.<\/p>\n<\/div>\n<div class=\"section\">\n<h3><img decoding=\"async\" class=\"aligncenter\" alt=\"Miniatura Aleksandr\u00f3wka\" src=\"http:\/\/www.polskiezabytki.pl\/imageget.php?image=.\/img\/39\/3941\/20120529102545_b168a13de8e849d39f36dc19a8d8804a.jpg&amp;width=400&amp;height=300\" \/><\/h3>\n<h3>Opis<\/h3>\n<p>Dw\u00f3r drewniany, nietynkowany, posadowiony na planie prostok\u0105ta o regularnej bryle. Parterowy, z mieszkalnym poddaszem nakrytym dachem nacz\u00f3\u0142kowym o po\u0142aciach krytych wt\u00f3rn\u0105 pap\u0105. Elewacja frontowa 6 osiowa, z niesymetrycznie rozmieszczonymi osiami okiennymi oraz drewnian\u0105 werand\u0105 poprzedzaj\u0105c\u0105 wej\u015bcie g\u0142\u00f3wne do dworu. Weranda przeszklona, zwie\u0144czona tr\u00f3jk\u0105tnym szczytem i nakryta osobnym dachem dwuspadowym. Elewacja tylna wyposa\u017cona w naro\u017cne przybud\u00f3wki w formie alkierzy. Taka forma architektoniczna w I po\u0142owie XIX wieku by\u0142a a budownictwie dworkowym ewenementem. Alkierze jako cytat ze sztuki barokowej bardziej rozpowszechni\u0142y si\u0119 na pocz\u0105tku XX wieku wraz z tak zwanym stylem polskim. Obecnie dw\u00f3r jest zamieszka\u0142y ale znajduje si\u0119 w nienajlepszym stanie technicznym.<\/p>\n<\/div>\n<div class=\"section\"><\/div>\n<div class=\"section\"><\/div>\n<div class=\"section\"><img loading=\"lazy\" decoding=\"async\" class=\"aligncenter\" id=\"fancybox-img\" alt=\"Zdj\u0119cie Miecia Posto\u0142owska 2012\" src=\"http:\/\/www.polskiezabytki.pl\/img\/39\/3941\/20120529102545_0f04647a1190a9740342d810d7f0afe8.jpg\" width=\"460\" height=\"345\" \/><\/div>\n<div class=\"section\"><\/div>\n<div class=\"section\">\u017ar\u00f3d\u0142o: http:\/\/zwiedzanie.powiatminski.pl\/pl\/strona\/Galeria_zdjec\/698\/609<\/div>\n<div class=\"section\">zdj\u0119cie 1<\/div>\n<div class=\"section\"><\/div>\n<div class=\"section\"><img loading=\"lazy\" decoding=\"async\" class=\"aligncenter\" id=\"fancybox-img\" alt=\"Dw\u00f3r Kurkowskich w Aleksandr\u00f3wce tzw. Kurkowszczyzna\" src=\"http:\/\/files.powiatminski.pl\/galeria\/obiektyzabytko_2fb4\/dworkurkowski_6d17\/img_2831_kopiowanie_effb8dca.jpg\" width=\"443\" height=\"295\" \/><\/div>\n<div class=\"section\">zdj\u0119cie 2<\/div>\n<div class=\"section\"><\/div>\n<div class=\"section\"><img loading=\"lazy\" decoding=\"async\" class=\"aligncenter\" id=\"fancybox-img\" alt=\"Dw\u00f3r Kurkowskich w Aleksandr\u00f3wce tzw. Kurkowszczyzna\" src=\"http:\/\/files.powiatminski.pl\/galeria\/obiektyzabytko_2fb4\/dworkurkowski_6d17\/img_2832_kopiowanie_2ce9a480.jpg\" width=\"445\" height=\"274\" \/><\/div>\n<div class=\"section\"><\/div>\n<div class=\"section\">zdj\u0119cie 3<\/div>\n<div class=\"section\"><img loading=\"lazy\" decoding=\"async\" class=\"aligncenter\" id=\"fancybox-img\" alt=\"Dw\u00f3r Kurkowskich w Aleksandr\u00f3wce tzw. Kurkowszczyzna\" src=\"http:\/\/files.powiatminski.pl\/galeria\/obiektyzabytko_2fb4\/dworkurkowski_6d17\/img_2820_kopiowanie_ba1d6d93.jpg\" width=\"445\" height=\"250\" \/><\/div>\n<div class=\"section\">zdj\u0119cie 4<\/div>\n<div class=\"section\"><\/div>\n<div class=\"section\"><img loading=\"lazy\" decoding=\"async\" class=\"aligncenter\" id=\"fancybox-img\" alt=\"Dw\u00f3r Kurkowskich w Aleksandr\u00f3wce tzw. Kurkowszczyzna\" src=\"http:\/\/files.powiatminski.pl\/galeria\/obiektyzabytko_2fb4\/dworkurkowski_6d17\/img_2442_kopiowanie_bd526d6f.jpg\" width=\"461\" height=\"614\" \/><\/div>\n<div class=\"section\"><\/div>\n<div class=\"section\"><\/div>\n","protected":false},"excerpt":{"rendered":"<p>\u017ar\u00f3d\u0142o:http:\/\/www.polskiezabytki.pl\/m\/obiekt\/3941\/Aleksandrowka\/ Historia Dw\u00f3r zosta\u0142 wybudowany w roku 1830. W latach p\u00f3\u017aniejszych by\u0142 rozbudowywany. Posiad\u0142o\u015b\u0107 w pocz\u0105tku XIX wieku nale\u017ca\u0142a do rodziny D\u0105browskich. W roku 1835 przesz\u0142a w posiadanie Anny Przepi\u00f3rowskiej. W roku 1887 maj\u0105tek odziedziczy\u0142a jej c\u00f3rka Irena Kosi\u0144ska. W roku 1915 maj\u0105tek przeszed\u0142 dalej, do c\u00f3rki tej ostatniej Edwardy&#8230;<\/p>\n","protected":false},"author":2,"featured_media":6324,"comment_status":"closed","ping_status":"closed","sticky":false,"template":"","format":"standard","meta":{"footnotes":""},"categories":[4,1019],"tags":[1359,23,1361,1360,1362],"class_list":["post-6322","post","type-post","status-publish","format-standard","has-post-thumbnail","hentry","category-historia-regionu","category-zabytki","tag-aleksandrowka","tag-dwor","tag-joanna-kurkowska","tag-kurkowscy","tag-napoleon-kosinski"],"aioseo_notices":[],"_links":{"self":[{"href":"http:\/\/kurierskruda.pl\/index.php\/wp-json\/wp\/v2\/posts\/6322"}],"collection":[{"href":"http:\/\/kurierskruda.pl\/index.php\/wp-json\/wp\/v2\/posts"}],"about":[{"href":"http:\/\/kurierskruda.pl\/index.php\/wp-json\/wp\/v2\/types\/post"}],"author":[{"embeddable":true,"href":"http:\/\/kurierskruda.pl\/index.php\/wp-json\/wp\/v2\/users\/2"}],"replies":[{"embeddable":true,"href":"http:\/\/kurierskruda.pl\/index.php\/wp-json\/wp\/v2\/comments?post=6322"}],"version-history":[{"count":7,"href":"http:\/\/kurierskruda.pl\/index.php\/wp-json\/wp\/v2\/posts\/6322\/revisions"}],"predecessor-version":[{"id":6331,"href":"http:\/\/kurierskruda.pl\/index.php\/wp-json\/wp\/v2\/posts\/6322\/revisions\/6331"}],"wp:featuredmedia":[{"embeddable":true,"href":"http:\/\/kurierskruda.pl\/index.php\/wp-json\/wp\/v2\/media\/6324"}],"wp:attachment":[{"href":"http:\/\/kurierskruda.pl\/index.php\/wp-json\/wp\/v2\/media?parent=6322"}],"wp:term":[{"taxonomy":"category","embeddable":true,"href":"http:\/\/kurierskruda.pl\/index.php\/wp-json\/wp\/v2\/categories?post=6322"},{"taxonomy":"post_tag","embeddable":true,"href":"http:\/\/kurierskruda.pl\/index.php\/wp-json\/wp\/v2\/tags?post=6322"}],"curies":[{"name":"wp","href":"https:\/\/api.w.org\/{rel}","templated":true}]}}