{"id":5744,"date":"2012-12-14T11:34:59","date_gmt":"2012-12-14T10:34:59","guid":{"rendered":"http:\/\/kurierskruda.pl\/?p=5744"},"modified":"2012-12-14T11:34:59","modified_gmt":"2012-12-14T10:34:59","slug":"31-rocznica-stanu-wojennego-tego-zapomniec-sie-nie-da","status":"publish","type":"post","link":"http:\/\/kurierskruda.pl\/index.php\/31-rocznica-stanu-wojennego-tego-zapomniec-sie-nie-da\/historia-regionu","title":{"rendered":"31 rocznica STANU WOJENNEGO &#8211; &#8222;&#8230;Tego zapomnie\u0107 si\u0119 nie da !&#8230;&#8221;"},"content":{"rendered":"<p><strong><em><\/em>31 rocznic\u0119<\/strong> wprowadzenia w Polsce <strong>Stanu Wojennego<\/strong> przypomnimy Pa\u0144stwu wspomnieniami\u00a0 pierwszego burmistrza Halinowa Pana <strong>Zbigniewa Niewiatowskiego<\/strong>. Materia\u0142 zosta\u0142 nagrany w styczniu 2011 roku.\u00a0 Emocje zawarte w materiale po mimo up\u0142ywu w\u00f3wczas 30 lat s\u0105 tak wielkie, \u017ce nie trudno sobie wyobrazi\u0107 tragicznych skutk\u00f3w decyzji <strong>genera\u0142a Wojciecha Jaruzelskiego i Wojskowej Rady Ocalenia Narodowego<\/strong>.<\/p>\n<p>Redakcja Kuriera Skruda<br \/>\n<iframe loading=\"lazy\" width=\"420\" height=\"315\" src=\"http:\/\/www.youtube.com\/embed\/xYMo5ToeV9o\" frameborder=\"0\" allowfullscreen><\/iframe><br \/>\n&nbsp;<\/p>\n<p>[nggallery id=69]<\/p>\n<p>&nbsp;<\/p>\n<p>&nbsp;<\/p>\n","protected":false},"excerpt":{"rendered":"<p>31 rocznic\u0119 wprowadzenia w Polsce Stanu Wojennego przypomnimy Pa\u0144stwu wspomnieniami\u00a0 pierwszego burmistrza Halinowa Pana Zbigniewa Niewiatowskiego. Materia\u0142 zosta\u0142 nagrany w styczniu 2011 roku.\u00a0 Emocje zawarte w materiale po mimo up\u0142ywu w\u00f3wczas 30 lat s\u0105 tak wielkie, \u017ce nie trudno sobie wyobrazi\u0107 tragicznych skutk\u00f3w decyzji genera\u0142a Wojciecha Jaruzelskiego i Wojskowej Rady&#8230;<\/p>\n","protected":false},"author":2,"featured_media":5745,"comment_status":"open","ping_status":"closed","sticky":false,"template":"","format":"standard","meta":{"footnotes":""},"categories":[4],"tags":[1230,1229,1225,7,981,1232,1226,1231,1227,1228,591],"class_list":["post-5744","post","type-post","status-publish","format-standard","has-post-thumbnail","hentry","category-historia-regionu","tag-13-grudnia","tag-1229","tag-31-rocznica-wprowadzenia-stanu-wojennego","tag-halinow","tag-polska","tag-solidarnosc","tag-stan-wojenny","tag-warszawa","tag-wojciech-jaruzelski","tag-wojskowa-rada-ocalenia-narodowego","tag-zbigniew-niewiatowski"],"aioseo_notices":[],"_links":{"self":[{"href":"http:\/\/kurierskruda.pl\/index.php\/wp-json\/wp\/v2\/posts\/5744"}],"collection":[{"href":"http:\/\/kurierskruda.pl\/index.php\/wp-json\/wp\/v2\/posts"}],"about":[{"href":"http:\/\/kurierskruda.pl\/index.php\/wp-json\/wp\/v2\/types\/post"}],"author":[{"embeddable":true,"href":"http:\/\/kurierskruda.pl\/index.php\/wp-json\/wp\/v2\/users\/2"}],"replies":[{"embeddable":true,"href":"http:\/\/kurierskruda.pl\/index.php\/wp-json\/wp\/v2\/comments?post=5744"}],"version-history":[{"count":10,"href":"http:\/\/kurierskruda.pl\/index.php\/wp-json\/wp\/v2\/posts\/5744\/revisions"}],"predecessor-version":[{"id":5763,"href":"http:\/\/kurierskruda.pl\/index.php\/wp-json\/wp\/v2\/posts\/5744\/revisions\/5763"}],"wp:featuredmedia":[{"embeddable":true,"href":"http:\/\/kurierskruda.pl\/index.php\/wp-json\/wp\/v2\/media\/5745"}],"wp:attachment":[{"href":"http:\/\/kurierskruda.pl\/index.php\/wp-json\/wp\/v2\/media?parent=5744"}],"wp:term":[{"taxonomy":"category","embeddable":true,"href":"http:\/\/kurierskruda.pl\/index.php\/wp-json\/wp\/v2\/categories?post=5744"},{"taxonomy":"post_tag","embeddable":true,"href":"http:\/\/kurierskruda.pl\/index.php\/wp-json\/wp\/v2\/tags?post=5744"}],"curies":[{"name":"wp","href":"https:\/\/api.w.org\/{rel}","templated":true}]}}