{"id":5623,"date":"2012-12-03T15:30:53","date_gmt":"2012-12-03T14:30:53","guid":{"rendered":"http:\/\/kurierskruda.pl\/?p=5623"},"modified":"2013-01-04T17:10:04","modified_gmt":"2013-01-04T16:10:04","slug":"69-rocznica-akcji-wykolejenia-pociagu-ze-sprzetem-wojennym-w-skrudzie-4-12-2012","status":"publish","type":"post","link":"http:\/\/kurierskruda.pl\/index.php\/69-rocznica-akcji-wykolejenia-pociagu-ze-sprzetem-wojennym-w-skrudzie-4-12-2012\/historia-regionu","title":{"rendered":"69 rocznica akcji wykolejenia poci\u0105gu ze sprz\u0119tem wojennym w Skrudzie. (4.12.2012)"},"content":{"rendered":"<h3 style=\"text-align: center;\">Ju\u017c jutro obchodzi\u0107 b\u0119dziemy rocznic\u0119 jednej z najwa\u017cniejszych akcji dywersyjnych na terenie dzisiejszego Halinowa.<br \/>\nZ tej okazji dla upami\u0119tnienia tych wydarze\u0144 zamieszczamy przedruk fragmentu ksi\u0105\u017cki &#8222;Wi\u0105zowna 1597-1997. Kartki z dziej\u00f3w&#8221; pod red. p. Krzysztofa Oktabi\u0144skiego, w kt\u00f3rych zainteresowany czytelnik znajdzie wzmianki o tej akcji oraz informacj\u0119 o \u017co\u0142nierzach IV Rejonu Otwock VII Obwodu AK Okr\u0119gu Warszawa\u00a0 &#8211; &#8222;Obro\u017ca&#8221;.<br \/>\n<a href=\"http:\/\/kurierskruda.pl\/wp-content\/uploads\/2012\/12\/wiaz_20121203163630.jpg\"><img loading=\"lazy\" decoding=\"async\" class=\"aligncenter size-large wp-image-5626\" title=\"wiaz_20121203163630\" src=\"http:\/\/kurierskruda.pl\/wp-content\/uploads\/2012\/12\/wiaz_20121203163630-423x600.jpg\" alt=\"\" width=\"423\" height=\"600\" srcset=\"http:\/\/kurierskruda.pl\/wp-content\/uploads\/2012\/12\/wiaz_20121203163630-423x600.jpg 423w, http:\/\/kurierskruda.pl\/wp-content\/uploads\/2012\/12\/wiaz_20121203163630-109x155.jpg 109w, http:\/\/kurierskruda.pl\/wp-content\/uploads\/2012\/12\/wiaz_20121203163630-211x300.jpg 211w, http:\/\/kurierskruda.pl\/wp-content\/uploads\/2012\/12\/wiaz_20121203163630-70x100.jpg 70w, http:\/\/kurierskruda.pl\/wp-content\/uploads\/2012\/12\/wiaz_20121203163630-35x50.jpg 35w, http:\/\/kurierskruda.pl\/wp-content\/uploads\/2012\/12\/wiaz_20121203163630-141x200.jpg 141w, http:\/\/kurierskruda.pl\/wp-content\/uploads\/2012\/12\/wiaz_20121203163630.jpg 557w\" sizes=\"(max-width: 423px) 100vw, 423px\" \/><\/a><\/h3>\n<p>&#8222;Plut. AK Czes\u0142aw Konowrocki<\/p>\n<p align=\"center\"><strong>Gmina Wi\u0105zowna w latach wojny i okupacji 1940 &#8211; 1945<\/strong><\/p>\n<p align=\"center\"><strong>( wspomnienia )<\/strong><\/p>\n<p>&nbsp;<\/p>\n<p>I. Wi\u0105zowska organizacja AK<\/p>\n<p>W dawnym powiecie warszawskim pierwszym organizatorem ZWZ Okr\u0119gu Warszawa &#8211;\u00a0 wojew\u00f3dztwo by\u0142 p\u0142k Alojzy Horak ps. \u201eNeuman\u201d, \u00a0,,Nestorowicz\u201d, przed wojn\u0105 szef Departamentu Og\u00f3lnowojskowego w Ministerstwie Spraw Wojskowych.<\/p>\n<p>Wiosn\u0105 1940r. funkcj\u0119 dow\u00f3dcy przekaza\u0142 p\u0142k Kazimierzowi Krzy\u017cakowi ps. \u201eBronis\u0142aw\u201d, \u201eKlient\u201d. P\u0142k \u201eBronis\u0142aw\u201d na prze\u0142omie lat 1940- . 41 przyst\u0105pi\u0142 do organizowania sztabu VII Obwodu Okr\u0119gu Warszawa z nazw\u0105 \u00a0,, Obro\u017ca &#8221; (nazwa pochodzi\u0142a od tego, i\u017c wok\u00f3\u0142 stolicy sie\u0107 organizacji ruchu oporu tworzy\u0142a okr\u0105g, swoist\u0105 obro\u017c\u0119) VII Obw\u00f3d podzielono na osiem rejon\u00f3w:<\/p>\n<ul>\n<li>Legionowo<\/li>\n<li>Marki<\/li>\n<li>Rembert\u00f3w<\/li>\n<li>Otwock \u201eKoralewo &#8222;, ,,Fromczyn &#8222;<\/li>\n<li>Piaseczno<\/li>\n<li>Pruszk\u00f3w<\/li>\n<li>O\u017car\u00f3w<\/li>\n<li>\u0141omianki.<\/li>\n<\/ul>\n<p>&nbsp;<\/p>\n<p>Pierwszym dow\u00f3dc\u0105 IV Rejonu by\u0142 Mieczys\u0142aw Sawicki ps. \u201eMaciej\u201d \u00a0(od marca 1940r.) &#8211; by\u0142y naczelnik Urz\u0119du Skarbowego w Otwocku, nast\u0119pnym \u00a0(od maja 1942r.) rotmistrz Edmund Grunwald ps. ,,Jarema\u201d, od stycznia 1943r. por. Antoni Doro\u017cy\u0144ski ps. \u201eMicha\u0142\u201d, od stycznia 1944r. kpt. Stanis\u0142aw Szulc ps. ,,Kania\u201d.<\/p>\n<p>W sk\u0142ad IV Regionu wchodzi\u0142y nast\u0119puj\u0105ce gminy powiatu warszawskiego w granicach z przed 1 wrze\u015bnia 1939r.: Karczew, m. Otwock, Falenica, Wawer i Wi\u0105zowna. Rejon podzielono na dwa bataliony \u2013 Wi\u0105zowna \u00a0by\u0142a w drugim batalionie. Dow\u00f3dc\u0105 batalionu zosta\u0142 NN ps. \u201eLubicz\u201d W sk\u0142ad<\/p>\n<p>tego batalionu wchodzi\u0142a wi\u0105zowska IV kompania por. \u201eLubomira\u201d Mariana Mazowieckiego, kt\u00f3ra posiada\u0142a w 1944r. pi\u0119\u0107 pluton\u00f3w:<\/p>\n<ul>\n<li>Nr 784 &#8211; d &#8211; ca ps. ,,Wosio\u201d bli\u017cej nam nieznany, w relacjach funkcj\u0119 t\u0119 pe\u0142ni\u0142 sier\u017c. Jan U\u0142awski &#8211; m\u0142ynarz z Golicy,<\/li>\n<li>Nr 785 &#8211; d &#8211; ca ps. sier\u017c. pchor. Tadeusz Ku\u017ami\u0144ski ps. ,,Topola\u201d. .<\/li>\n<li>Nr 786 &#8211; d &#8211; ca ps. ,,Wichura\u201d bli\u017cej nieznany, w terenie funkcj\u0119 t\u0119 pe\u0142ni\u0142 plut. Stefan Kloch ps. \u201eKruk\u201d,<\/li>\n<li>Nr 787 &#8211; d &#8211; ca por. Wies\u0142aw Ciszl&lt;owski ps. \u201eWies\u0142aw\u201d \u2013 nauczyciel w szkole w Brzezinach,<\/li>\n<li>Nr 788 &#8211; d &#8211; ca kpr. Aleksander \u0141ysik ps. ,,Hak\u201d.<\/li>\n<\/ul>\n<p>(Nazwiska dow\u00f3dc\u00f3w pluton\u00f3w podawane w pracach historyk\u00f3w, nie pokrywaj\u0105 si\u0119 z relacjami uczestnik\u00f3w wydarze\u0144, \u017co\u0142nierzy w\/w oddzia\u0142\u00f3w).<\/p>\n<p>Dow\u00f3dc\u0105 IV kompanii, od pocz\u0105tku jej istnienia a\u017c do ko\u0144ca by\u0142 ppor. rez. Marian Mazowiecki ps. ,,Ludomir\u201d, kt\u00f3ry przed 1939r. pracowa\u0142 w szkole w Malcanowie jako nauczyciel.<\/p>\n<p>Oficerowie z obwod\u00f3w i rejon\u00f3w maj\u0105c si\u0119 wcze\u015bniej ze szkole\u0144 i szk\u00f3\u0142 oficerskich, pracy w wojsku czy kampanii wrze\u015bniowej, nawi\u0105zywali kontakty mi\u0119dzy sob\u0105 ju\u017c jesieni\u0105 1939r. Jeszcze w zimie 1939\/40 dotarli do ppor. Mazowieckiego \u0142\u0105cznicy z rozkazem tworzenia struktur SZP &#8211; ZWZ na<\/p>\n<p>obszarze gminy Wi\u0105zowna. Wykonuj\u0105c rozkaz ppor. Mazowiecki porozumia\u0142 si\u0119 ze znajomymi nauczycielami, kolegami, oficerami i innymi zaufanymi lud\u017ami, i tak po \u0142a\u0144cuszku na prze\u0142omie 39\/40 powsta\u0142a pierwsza grupa konspirator\u00f3w SZP &#8211; ZWZ. Tworzyli j\u0105: J\u00f3zef Kos &#8211; podoficer rezerwy z Dziechci\u0144ca, Wies\u0142aw Ciszkowski &#8211; podporucznik, nauczyciel z Brzezin, Stefan Kloch &#8211; plutonowy rezerwy z P\u0119clina, Benedykt Iwanowski \u2013 dawny kpt. legion\u00f3w z K\u0105cka, Stefan Smoli\u0144ski &#8211; kpr. z Wi\u0105zowny, Jan U\u0142awski &#8211; sier\u017c. z Golicy, Aleksander Zomberg &#8211; kpr. z Malcanowa, Jan K\u0105kol &#8211; kpr. z P\u0119clina, Aleksander \u0141ysik &#8211; kpr. z Malcanowa, J\u00f3zef Go\u0142\u0105b &#8211; kpr. z Jab\u0142onny, Edward Jackowski &#8211; plut. z Jab\u0142onny, Henryk Kloch z \u017ban\u0119cina, J\u00f3zef Cacko &#8211; z Wielgolasu, w jego domu odbywa\u0142y si\u0119 przysi\u0119gi. W sk\u0142ad grupy wchodzili 1 8 tak\u017ce: por. Henryk Szyperski, kpr. Tadeusz Ku\u017ami\u0144ski, Zygmunt Lewandowski z Wi\u0105zowny, Aleksander Kostrzy\u0144ski &#8211; m\u0105\u017c nauczycielki z P\u0119clina. U pp. Kostrzy\u0144skich odbywa\u0142y si\u0119 pierwsze szkolenia i przysi\u0119gi. Pierwsza grupa po zaprzysi\u0119\u017ceniu zacz\u0119\u0142a werbowa\u0107 nast\u0119pn\u0105, z\u0142o\u017con\u0105 z m\u0142odych przedpoborowych i poborowych zaufanych ludzi. Prawie w ka\u017cdej wsi tworzono konspiracyjne grupy, przeprowadzano szkolenia, organizowano kursy podoficerskie i podchor\u0105\u017cych, na kt\u00f3re kierowano m\u0142odych, zdolnych m. in. takie kursy uko\u0144czyli: J\u00f3zef Cacko i Boles\u0142aw Bogucki z Malcanowa, Edmund Twardowski z P\u0119clina, W\u0142adys\u0142aw Bogucki, Zdzis\u0142aw Paj\u0105k, Marian Pietrzyk i Jan Popowski z Wi\u0105zowny oraz Stanis\u0142aw Jackiewicz z Duchnowa.<\/p>\n<p>W lutym 1942 roku rozkazem gen. \u201eGrota\u201d Roweckiego ZWZ przemianowa\u0142o si\u0119 na AK, ale w terenie nie odnotowali\u015bmy z tego powodu \u017cadnych zmian. Na obszarze gminy szukali\u015bmy zakopanej broni z wrze\u015bnia 1939r., musz\u0119 przyzna\u0107, \u017ce troch\u0119 jej by\u0142o. Konserwacj\u0105 i napraw\u0105 przewa\u017cnie , zajmowali si\u0119 \u017co\u0142nierze z P\u0119clina: Julian i Wiktor Malesowie. Zwykle dorabiano kolby do mauzer\u00f3w i czyszczono z rdzy. Robili\u015bmy skrytki w stodo\u0142ach i zagajnikach.<\/p>\n<p>W 1942r. powsta\u0142a na terenie Gminy Wojskowa S\u0142u\u017cba Kobiet AK na czele, kt\u00f3rej sta\u0142a p. Janina Paj\u0105k z Wi\u0105zowny &#8211; kierowniczka Sp\u00f3\u0142dzielni Handlowej ,,Wi\u0105zowianka\u201d.\u00a0 Aktywnie do prac organizacyjnych w\u0142\u0105czy\u0142a si\u0119 te\u017c p. Maria Koczorowska ps. \u201eMagda\u201d &#8211; higienistka, Henryka Grochal z Emowa te\u017c piel\u0119gniarka. Do nich do\u0142\u0105czy\u0142y Lidia Wiersztort z Wi\u0105zowny, Regina U\u0142awska z Golicy, Stanis\u0142awa z D\u0105ba\u0142\u00f3w Oktabi\u0144ska z Wi\u0105zowny, Irena Radzymi\u0144ska z Emowa, Stanis\u0142awa S\u0119dek z Boryszewa, Irmina z Kos\u00f3w Paszkowska, Apolonia i Pelagia D\u0105ba\u0142a z Wi\u0105zowny oraz siostry: Jadwiga,<\/p>\n<p>Krystyna, Barbara i El\u017cbieta Bie\u0144kowskie, Karolina Zdanowska z Boguszewskich i jeszcze kilka innych.<\/p>\n<p>Kobiety z WSK przechodzi\u0142y szkolenie sanitarne, kt\u00f3re prowadzi\u0142 lek.med. Niedzielski lub p. Maria Koczorowska ps. ,,Magda\u201d. Szkolenia z broni\u0105 i materia\u0142ami wybuchowymi prowadzili: Jan Popowski i Zdzis\u0142aw Paj\u0105k. Ponadto kobiety przechodzi\u0142y kursy \u0142\u0105czno\u015bci, tajnego kolporta\u017cu, itp. Szkolenia te odbywa\u0142y si\u0119 w domu pp. Koczorowskich i pp. Bie\u0144kowskich w Wi\u0105zownie; pp. Kos\u00f3w na P\u0142achcie; pp. U\u0142awskich W Golicy &#8211; w m\u0142ynie p. Zieli\u0144skiego.<\/p>\n<p>Skrzynka kontaktowa by\u0142a w sklepie ,, Wi\u0105zowianka &#8221; przy mo\u015bcie na Mieni. Odbiorcami przesy\u0142ek ze sztabu byli najcz\u0119\u015bciej kol. Jan Popowski i Stefan Smoli\u0144ski.<\/p>\n<p>W po\u0142owie 1942r. w prawobrze\u017cnej cz\u0119\u015bci powiatu warszawskiego powsta\u0142y grupy dywersyjne tzw. oddzia\u0142y specjalne, do zorganizowania kt\u00f3rych oddelegowano z centrali por. Romana Grotowskiego \u2013 dotychczasowego opiekuna szk\u00f3\u0142 podchor\u0105\u017cych i podoficerskich. W Wi\u0105zownie tak\u0105 grup\u0105 dowodzi\u0142 le\u015bniczy z Emowa pchor. Apolinary Akajewicz ps. ,,San\u201d. Ca\u0142o\u015bci\u0105 oddzia\u0142u w granicach IV Rejonu, w okresie p\u00f3\u017aniejszym, dowodzi\u0142 cichociemny J\u00f3zef Czuma ps. \u201eSkryty\u201d a \u201eSan\u201d zosta\u0142 jego zast\u0119pc\u0105.<\/p>\n<p>&nbsp;<\/p>\n<p>Oddzia\u0142y specjalne nie by\u0142y podporz\u0105dkowane dow\u00f3dcy IV Rejonu, jednak razem bardzo silnie ze sob\u0105 wsp\u00f3\u0142pracowa\u0142y. W IV Rejonie odpowiedzialnym za akcje sabota\u017cowe i dywersyjne by\u0142 Zygmunt Migdalski ps. \u201eZZ\u201d z Otwocka. Oddzia\u0142y specjalne mia\u0142y bezpo\u015bredni\u0105 \u0142\u0105czno\u015b\u0107 z Kedywem warszawskim i razem przeprowadza\u0142y akcje niszczenia dokument\u00f3w w siedzibach gmin, wysadza\u0142y poci\u0105gi z \u017co\u0142nierzami niemieckimi itd. W bezpo\u015brednich akcjach przewa\u017cnie brali udzia\u0142 ludzie pchor. Akajewicza, natomiast do obstawy i czynno\u015bci pomocniczych dobierani byli \u017co\u0142nierze AK z terenu ca\u0142ej Gminy. Dla przyk\u0142adu podaj\u0119 kilka z nich: w dniach 19.07.43 W Falenicy, Karczewie i Wi\u0105zownie; 31.07.43 w Sulej\u00f3wku i Okuniewie; 30.04.44 ponownie w Wi\u0105zownie i Karczewie oraz w Rembertowie; 1.04.44 ponownie w Sulej\u00f3wku; 6.05.44 w Wawrze; 13.05.44 w Okuniewie; 26.05.44<\/p>\n<p>w Otwocku; 1.04.44 w Falenicy &#8211; zniszczono rejestry okupanta.<\/p>\n<p>Wa\u017cniejsze akcje kolejowe i inne: 27.09.43 &#8211; opanowanie stacji Stara Wie\u015b; 6.10.43 wykolejenie poci\u0105gu ze sprz\u0119tem w Pogorzeli; 4.12.43 &#8211; wykolejenie poci\u0105gu ze sprz\u0119tem wojennym w Halinowie (d. Skruda); l 1.12.43 &#8211; wykolejenie poci\u0105gu z wojskiem w Celestynowie; 23.02.44 \u2013 wykolejenie poci\u0105gu z wojskiem w Skrudzie; 29.02.44 &#8211; wykolejenie poci\u0105gu z wojskiem w Pogorzeli; 27.04.44 &#8211; wykolejenie poci\u0105gu z wojskiem w Pogorzeli; 11.04.44 &#8211; zniszczenie magazynu w Falenicy; 17.05.44 &#8211; spalenie tartaku w Nowej Wsi; \u00a010.04.44 &#8211; zniszczenie mleczami w Koniku; 5.05.44 &#8211; rozp\u0119dzenie skupu byd\u0142a \u00a0w J\u00f3zefowie; 9.05.44 &#8211; rozp\u0119dzenie skupu byd\u0142a w Karczewie; 20.05.44 &#8211; zniszczenie aparatury w kinie w Otwocku. (&#8230;)<\/p>\n<p>ANEKS<\/p>\n<p>Do dnia 1 lipca 1997r. uda\u0142o nam si\u0119 zestawi\u0107 imienn\u0105 list\u0119 \u017co\u0142nierzy Armii &#8211; Krajowej z terenu gminy Wi\u0105zowna. Zdajemy sobie spraw\u0119, \u017ce nie zawiera ona wszystkich nazwisk, ale przynajmniej ocalmy to co jeszcze pami\u0119tamy;<\/p>\n<p>Adamski Henryk<br \/>\nAkajewicz Apolinary ps. \u201eSan\u201d<br \/>\nAmbrozi\u0144ski Zdzis\u0142aw<br \/>\nBia\u0142ek Jan<br \/>\nBogucki Boles\u0142aw ps. \u201eJunak\u201d<br \/>\nBogucki Jan<br \/>\nBogucki W\u0142adys\u0142aw s. Jana<br \/>\nBogucki W\u0142adys\u0142aw s. Franciszka<br \/>\nBoguszewski Czes\u0142aw<br \/>\nCacko Henryk<br \/>\nCacko Jan<br \/>\nCacko J\u00f3zef<br \/>\nCacko Kazimierz<br \/>\nCacko Stanis\u0142aw<br \/>\nCie\u017ckowski Wies\u0142aw ps.\u201dWiesio&#8221;<br \/>\nCzuma J\u00f3zef ps. \u201eSkryty\u201d KEDYW<br \/>\nD\u0105ba\u0142a Boles\u0142aw<br \/>\nD\u0105browski Aleksander<br \/>\nGajewski Kazimierz<br \/>\nGajewski Tadeusz<br \/>\nGo\u0142\u0105b Aleksander<br \/>\nGo\u0142\u0105b J\u00f3zef<br \/>\nGo\u017ali\u0144ski Stanis\u0142aw<br \/>\nGrzybowski J\u00f3zef<br \/>\nGrzybowski Kazimierz<br \/>\nHankawyski<br \/>\nHrebie\u0144 Boles\u0142aw<br \/>\nIwanowski Benedykt<br \/>\nIzdebski Marian<br \/>\nJackiewicz Stanis\u0142aw<br \/>\nJaczewski Eugeniusz<br \/>\nKabat Jan<br \/>\nKabat W\u0142adys\u0142aw<br \/>\nK\u0105kol W\u0142adys\u0142aw<br \/>\nK\u0119dziorek Aleksander<br \/>\nKloch Henryk<br \/>\nKloch Stefan ps. \u201eKruk\u201d<br \/>\nKonowrocki Aleksander<br \/>\nKonowrocki Czes\u0142aw<br \/>\nKonowrocki Jan<br \/>\nKopka Stanis\u0142aw<br \/>\nKos Edmund<br \/>\nKos Henryk<br \/>\nKos J\u00f3zef<br \/>\nKos Mieczys\u0142aw<br \/>\nKos Stanis\u0142aw<br \/>\nKostrzy\u0144ski Aleksander<br \/>\nKostrzy\u0144ski J\u00f3zef<br \/>\nKrawczyk Bronis\u0142aw<br \/>\nKrawczyk Czes\u0142aw<br \/>\nKrawczyk W\u0142adys\u0142aw<br \/>\nKu\u017ami\u0144ski Tadeusz ps. ,,Topola\u201d<br \/>\nLewandowski Zygmunt ps. \u201eLew\u201d<br \/>\nLipko Tadeusz<br \/>\n\u0141ysik Aleksander ps. \u201eHak\u201d<br \/>\n\u0141ysik J\u00f3zef s. Jana<br \/>\n\u0141ysik J\u00f3zef ps. \u201eBukiet\u201d s. W\u0142adys\u0142awa<br \/>\nMajchrzyk Stanis\u0142aw<br \/>\nMajszczyk Tadeusz<br \/>\nMalesa Juliusz<br \/>\nMalesa Stanis\u0142aw<br \/>\nMazowiecki Marian ps. \u201eLudomir\u201d<br \/>\nMr\u00f3wka J\u00f3zef<br \/>\nNaperty Stanis\u0142aw<br \/>\nNaperty Stefan<br \/>\nNawrocki Tadeusz<br \/>\nNejman Eugeniusz s. Jana<br \/>\nNejman Jan<br \/>\nNowak Micha\u0142<br \/>\nOktabinski Marian s. Adama<br \/>\nPaj\u0105k Zdzis\u0142aw<br \/>\nPaszkowski Stefan<br \/>\nPawlak Mieczys\u0142aw<br \/>\nPietrzyk Marian<br \/>\nPiwek Aleksander<br \/>\nPiwek Jan<br \/>\nPiwek Jan s. Hieronima<br \/>\nPiwek Jan s. Jana<br \/>\nPiwek Stanis\u0142aw<br \/>\nPopowski Jan<br \/>\nPrudzy\u0144ski Wincenty<br \/>\nPrudzy\u0144ski Zygmunt<br \/>\nPrzybysz Zygmunt<br \/>\nRaczy\u0144ski Jan<br \/>\nRadomski Franciszek<br \/>\nRoguski Zygmunt<br \/>\nRowicki Jerzy<br \/>\nRo\u015b Mieczys\u0142aw<br \/>\nRo\u015b Stefan<br \/>\nSierakowski Tadeusz<br \/>\nSierpi\u0144ski Jan<br \/>\nSkolimowski Zdzis\u0142aw<br \/>\nSmolak Stefan<br \/>\nSmolak Wac\u0142aw<br \/>\nSmoli\u0144ski Stefan ps. \u201eSi\u0142a\u201d<br \/>\nSobota Marian ps. \u201eKwiatek\u201d<br \/>\nSokolik W\u0142adys\u0142aw<br \/>\nSzmidt W\u0142adys\u0142aw<br \/>\nSzyperski Henryk ps. \u201eKot\u201d<br \/>\nTwardowski Bronis\u0142aw<br \/>\nTwardowski Edmund ps. \u201eD\u0105b\u201d<br \/>\nU\u0142awski Jan ps. \u201eSkok\u201d<br \/>\nWicik Jan<br \/>\nWitan Stefan s. Antoniego<br \/>\nWiersztot Boles\u0142aw<br \/>\nW\u0142odarczyk Jan<br \/>\nWojdyga Aleksander<br \/>\nWojdyga Henryk<br \/>\nWo\u017anica Jan<br \/>\nWo\u017anica Tadeusz s. W\u0142adys\u0142awa<br \/>\nZaj\u0105c Tadeusz<br \/>\nZawolik Wincenty<br \/>\nZieli\u0144ski Eugeniusz<br \/>\nZomberg Aleksander<br \/>\nZomberg Jan<br \/>\nZychowicz Henryk<\/p>\n<p>Wojskowa S\u0142u\u017cba Kobiet AK<br \/>\n&#8211; na terenie gminy Wi\u0105zowna.<\/p>\n<p>Bie\u0144kowska Barbara<br \/>\nBie\u0144kowska El\u017cbieta<br \/>\nBie\u0144kowska Jadwiga<br \/>\nBie\u0144kowska Krystyna<br \/>\nD\u0105ba\u0142a Apolonia<br \/>\nD\u0105ba\u0142a Pelag\u00eda<br \/>\nGrochal Henryka<br \/>\nKoczorowska Maria ps. \u201eMagda \u201e<br \/>\nKr\u00f3likowska Halina, Zofia ps. \u201eGa\u017adzina ,, &#8211; KG AK<br \/>\nOktabi\u0144ska &#8211; D\u0105ba\u0142a Stanis\u0142awa ps. \u201eSarenka\u201d<br \/>\nPaj\u0105k Janina \u2013 komendantka<br \/>\nPaszkowska Irmina<br \/>\nRadzymi\u0144ska Irena<br \/>\nS\u0119dek Stanis\u0142awa<br \/>\nU\u0142awska Regina ps. \u201eSrebro\u201d<br \/>\nWiersztot Lidia<br \/>\nZdanowska Karolina&#8221;<\/p>\n","protected":false},"excerpt":{"rendered":"<p>Ju\u017c jutro obchodzi\u0107 b\u0119dziemy rocznic\u0119 jednej z najwa\u017cniejszych akcji dywersyjnych na terenie dzisiejszego Halinowa. Z tej okazji dla upami\u0119tnienia tych wydarze\u0144 zamieszczamy przedruk fragmentu ksi\u0105\u017cki &#8222;Wi\u0105zowna 1597-1997. Kartki z dziej\u00f3w&#8221; pod red. p. Krzysztofa Oktabi\u0144skiego, w kt\u00f3rych zainteresowany czytelnik znajdzie wzmianki o tej akcji oraz informacj\u0119 o \u017co\u0142nierzach IV Rejonu&#8230;<\/p>\n","protected":false},"author":2,"featured_media":5637,"comment_status":"open","ping_status":"closed","sticky":false,"template":"","format":"standard","meta":{"footnotes":""},"categories":[4],"tags":[1181,7,13,1182,1180,1179],"class_list":["post-5623","post","type-post","status-publish","format-standard","has-post-thumbnail","hentry","category-historia-regionu","tag-czuma","tag-halinow","tag-skruda","tag-skryty","tag-wykolejenie","tag-wysadzenie-pociagu"],"aioseo_notices":[],"_links":{"self":[{"href":"http:\/\/kurierskruda.pl\/index.php\/wp-json\/wp\/v2\/posts\/5623"}],"collection":[{"href":"http:\/\/kurierskruda.pl\/index.php\/wp-json\/wp\/v2\/posts"}],"about":[{"href":"http:\/\/kurierskruda.pl\/index.php\/wp-json\/wp\/v2\/types\/post"}],"author":[{"embeddable":true,"href":"http:\/\/kurierskruda.pl\/index.php\/wp-json\/wp\/v2\/users\/2"}],"replies":[{"embeddable":true,"href":"http:\/\/kurierskruda.pl\/index.php\/wp-json\/wp\/v2\/comments?post=5623"}],"version-history":[{"count":11,"href":"http:\/\/kurierskruda.pl\/index.php\/wp-json\/wp\/v2\/posts\/5623\/revisions"}],"predecessor-version":[{"id":5630,"href":"http:\/\/kurierskruda.pl\/index.php\/wp-json\/wp\/v2\/posts\/5623\/revisions\/5630"}],"wp:featuredmedia":[{"embeddable":true,"href":"http:\/\/kurierskruda.pl\/index.php\/wp-json\/wp\/v2\/media\/5637"}],"wp:attachment":[{"href":"http:\/\/kurierskruda.pl\/index.php\/wp-json\/wp\/v2\/media?parent=5623"}],"wp:term":[{"taxonomy":"category","embeddable":true,"href":"http:\/\/kurierskruda.pl\/index.php\/wp-json\/wp\/v2\/categories?post=5623"},{"taxonomy":"post_tag","embeddable":true,"href":"http:\/\/kurierskruda.pl\/index.php\/wp-json\/wp\/v2\/tags?post=5623"}],"curies":[{"name":"wp","href":"https:\/\/api.w.org\/{rel}","templated":true}]}}