{"id":5094,"date":"2012-07-15T09:38:52","date_gmt":"2012-07-15T07:38:52","guid":{"rendered":"http:\/\/kurierskruda.pl\/?p=5094"},"modified":"2012-07-15T22:43:03","modified_gmt":"2012-07-15T20:43:03","slug":"swiadkowie-historii-na-wyciagniecie-reki","status":"publish","type":"post","link":"http:\/\/kurierskruda.pl\/index.php\/swiadkowie-historii-na-wyciagniecie-reki\/historia-regionu","title":{"rendered":"\u015awiadkowie historii na wyci\u0105gni\u0119cie r\u0119ki"},"content":{"rendered":"<p>Pogoda sprzyja wycieczkom rowerowym i spacerom. Zapraszamy do aktywnego wypoczynku. Aktywno\u015b\u0107 do kt\u00f3rej zach\u0119camy polega na odwiedzeniu naszych &#8222;s\u0105siad\u00f3w &#8221; &#8211; \u015awiadk\u00f3w historii &#8211; nie zawsze niemych. Wok\u00f3\u0142 nas znajdziemy mn\u00f3stwo miejsc pami\u0119taj\u0105cych dzieci\u0144stwo naszych dziadk\u00f3w, pra i pra, pra dziadk\u00f3w.\u00a0 Zapraszamy do nadsy\u0142ania kolejnych ciekawych lokalizacji oraz do opisywania ju\u017c dodanych.<\/p>\n<p><strong>1. Pa\u0142ac w Okuniewie<\/strong><\/p>\n<p><img loading=\"lazy\" decoding=\"async\" id=\"il_fi\" class=\"aligncenter\" src=\"http:\/\/x.garnek.pl\/ga5719\/d9025d64a708b0a4942500a3\/okuniew.jpg\" alt=\"\" width=\"640\" height=\"480\" \/><\/p>\n<p><strong>2. POMNIK \u017bO\u0141NIERZY POLSKICH POLEG\u0141YCH WE WRZE\u015aNIU 1939R. NA CMENTARZU PARAFIALNYM W D\u0118BEM WIELKIM <\/strong>(\u017ar\u00f3d\u0142o: www.debewielkie.pl)<strong><br \/>\n<\/strong><\/p>\n<p><img decoding=\"async\" id=\"fancybox-img\" class=\"aligncenter\" src=\"http:\/\/www.debewielkie.pl\/index.php?mode=images&amp;action=showImage&amp;imageId=193&amp;locId=1\" alt=\"POMNIK \u017bO\u0141NIERZY POLSKICH POLEG\u0141YCH WE WRZE\u015aNIU 1939R. NA CMENTARZU PARAFIALNYM W D\u0118BEM WIELKIM:::\" \/><\/p>\n<p><strong>3.KAPLICZKA NA WYSPIE W OLESINIE <\/strong>(\u017ar\u00f3d\u0142o: www.debewielkie.pl)<\/p>\n<p><img decoding=\"async\" id=\"fancybox-img\" src=\"http:\/\/www.debewielkie.pl\/index.php?mode=images&amp;action=showImage&amp;imageId=198&amp;locId=1\" alt=\"KAPLICZKA NA WYSPIE W OLESINIE:::\" \/><\/p>\n<p><strong>4. KAPLICZKA OBELISKOWA W RUDZIE PRZY DAWNYM MO\u015aCIE NAD RZEK\u0104 MIENIA<\/strong> <strong><\/strong>(\u017ar\u00f3d\u0142o: www.debewielkie.pl)<\/p>\n<p><img decoding=\"async\" id=\"fancybox-img\" src=\"http:\/\/www.debewielkie.pl\/index.php?mode=images&amp;action=showImage&amp;imageId=176&amp;locId=1\" alt=\"KAPLICZKA OBELISKOWA W RUDZIE PRZY DAWNYM MO\u015aCIE NAD RZEK\u0104 MIENIA:::\" \/><\/p>\n<p>&nbsp;<\/p>\n<p><strong>5. RZ\u0104DC\u00d3WKA Z ZESPO\u0141U DWORSKIEGO W RUDZIE, UL. PARKOWA <\/strong>(\u017ar\u00f3d\u0142o: www.debewielkie.pl)<\/p>\n<p><img decoding=\"async\" id=\"fancybox-img\" src=\"http:\/\/www.debewielkie.pl\/index.php?mode=images&amp;action=showImage&amp;imageId=204&amp;locId=1\" alt=\"RZ\u0104DC\u00d3WKA Z ZESPO\u0141U DWORSKIEGO W RUDZIE, UL. PARKOWA:::\" \/><\/p>\n<p><strong>6. M\u0141YN , UL. WARSZAWSKA W D\u0118BEM WIELKIM<\/strong> <strong><\/strong>(\u017ar\u00f3d\u0142o: www.debewielkie.pl)<\/p>\n<p><img decoding=\"async\" id=\"fancybox-img\" src=\"http:\/\/www.debewielkie.pl\/index.php?mode=images&amp;action=showImage&amp;imageId=151&amp;locId=1\" alt=\"M\u0141YN , UL. WARSZAWSKA W D\u0118BEM WIELKIM:::\" \/><\/p>\n<p><strong>7. Rzymsko &#8211; katolicki Ko\u015bci\u00f3\u0142 i plebania w D\u0142ugiej Ko\u015bcielnej<\/strong><\/p>\n<p><img loading=\"lazy\" decoding=\"async\" id=\"il_fi\" class=\"aligncenter\" src=\"http:\/\/www.diecezja.waw.pl\/dlugakoscielna\/public\/img\/kosciol_front.jpg\" alt=\"\" width=\"600\" height=\"409\" \/><\/p>\n<p><strong>8. Dworek Milusin w Sulej\u00f3wku<\/strong><\/p>\n<p><img loading=\"lazy\" decoding=\"async\" class=\"aligncenter\" src=\"http:\/\/www.archiwum.sulejowek.pl\/uploadf\/foto\/foto_06.jpg\" alt=\"foto_06.jpg\" width=\"452\" height=\"340\" \/><\/p>\n<p style=\"text-align: center;\">Milusin<em> A.Kosiec<\/em><\/p>\n<p style=\"text-align: left;\"><strong>9. Przedmo\u015bcie Warszawy (\u017ar\u00f3d\u0142o: http:\/\/rt84.republika.pl)<\/strong><\/p>\n<p style=\"text-align: left;\"><strong>\u00a0<span style=\"font-size: large;\"><em>fundament Regelbau 514<\/em><\/span> &#8211; Stara Mi\u0142osna<\/strong><\/p>\n<p style=\"text-align: left;\"><img loading=\"lazy\" decoding=\"async\" src=\"http:\/\/rt84.republika.pl\/images\/g5_str_fun_1.jpg\" alt=\"\" width=\"400\" height=\"300\" border=\"3\" \/><\/p>\n<p style=\"text-align: left;\"><span style=\"font-size: large;\"><em>Regelbau 514<\/em><\/span> &#8211; <strong>Pohulanka<\/strong><\/p>\n<p style=\"text-align: left;\"><img loading=\"lazy\" decoding=\"async\" src=\"http:\/\/rt84.republika.pl\/images\/g5_phl_9_4.jpg\" alt=\"\" width=\"400\" height=\"300\" border=\"3\" \/><\/p>\n<p style=\"text-align: left;\"><span style=\"font-size: large;\"><em>III\u00a0 Schron bojowy z 1915 roku<\/em><\/span> <strong>&#8211; Pohulanka<\/strong><\/p>\n<p style=\"text-align: left;\"><img loading=\"lazy\" decoding=\"async\" src=\"http:\/\/rt84.republika.pl\/images\/g5_phl_iii_3.jpg\" alt=\"\" width=\"400\" height=\"300\" border=\"3\" \/><\/p>\n<p style=\"text-align: left;\"><span style=\"font-size: large;\"><em>Regelbau 120a<\/em><\/span><strong> &#8211; Wi\u0105zowna<\/strong><\/p>\n<p style=\"text-align: left;\"><strong><img loading=\"lazy\" decoding=\"async\" src=\"http:\/\/rt84.republika.pl\/images\/g4_wzw_6_1.jpg\" alt=\"\" width=\"400\" height=\"300\" border=\"3\" \/><\/strong><\/p>\n<p style=\"text-align: left;\"><strong>10. Dw\u00f3r Skruda w Halinowie<\/strong><\/p>\n<p style=\"text-align: left;\"><img loading=\"lazy\" decoding=\"async\" id=\"il_fi\" src=\"http:\/\/gckgminahalinow.pl\/wp-content\/gallery\/rozne\/domhalinow.jpg\" alt=\"\" width=\"632\" height=\"485\" \/><\/p>\n<p style=\"text-align: left;\">\n<p><strong>11. Dw\u00f3r w D\u0142ugiej Ko\u015bcielnej<\/strong><br \/>\n<img loading=\"lazy\" decoding=\"async\" class=\"aligncenter\" src=\"http:\/\/www.kessel.co.uk\/history\/house.jpg\" alt=\"\" width=\"294\" height=\"300\" \/><\/p>\n","protected":false},"excerpt":{"rendered":"<p>Pogoda sprzyja wycieczkom rowerowym i spacerom. Zapraszamy do aktywnego wypoczynku. Aktywno\u015b\u0107 do kt\u00f3rej zach\u0119camy polega na odwiedzeniu naszych &#8222;s\u0105siad\u00f3w &#8221; &#8211; \u015awiadk\u00f3w historii &#8211; nie zawsze niemych. Wok\u00f3\u0142 nas znajdziemy mn\u00f3stwo miejsc pami\u0119taj\u0105cych dzieci\u0144stwo naszych dziadk\u00f3w, pra i pra, pra dziadk\u00f3w.\u00a0 Zapraszamy do nadsy\u0142ania kolejnych ciekawych lokalizacji oraz do opisywania&#8230;<\/p>\n","protected":false},"author":2,"featured_media":5098,"comment_status":"open","ping_status":"closed","sticky":false,"template":"","format":"standard","meta":{"footnotes":""},"categories":[4,1019],"tags":[89,7,95,1020],"class_list":["post-5094","post","type-post","status-publish","format-standard","has-post-thumbnail","hentry","category-historia-regionu","category-zabytki","tag-debe-wielkie","tag-halinow","tag-sulejowek","tag-zabytki-2"],"aioseo_notices":[],"_links":{"self":[{"href":"http:\/\/kurierskruda.pl\/index.php\/wp-json\/wp\/v2\/posts\/5094"}],"collection":[{"href":"http:\/\/kurierskruda.pl\/index.php\/wp-json\/wp\/v2\/posts"}],"about":[{"href":"http:\/\/kurierskruda.pl\/index.php\/wp-json\/wp\/v2\/types\/post"}],"author":[{"embeddable":true,"href":"http:\/\/kurierskruda.pl\/index.php\/wp-json\/wp\/v2\/users\/2"}],"replies":[{"embeddable":true,"href":"http:\/\/kurierskruda.pl\/index.php\/wp-json\/wp\/v2\/comments?post=5094"}],"version-history":[{"count":7,"href":"http:\/\/kurierskruda.pl\/index.php\/wp-json\/wp\/v2\/posts\/5094\/revisions"}],"predecessor-version":[{"id":5096,"href":"http:\/\/kurierskruda.pl\/index.php\/wp-json\/wp\/v2\/posts\/5094\/revisions\/5096"}],"wp:featuredmedia":[{"embeddable":true,"href":"http:\/\/kurierskruda.pl\/index.php\/wp-json\/wp\/v2\/media\/5098"}],"wp:attachment":[{"href":"http:\/\/kurierskruda.pl\/index.php\/wp-json\/wp\/v2\/media?parent=5094"}],"wp:term":[{"taxonomy":"category","embeddable":true,"href":"http:\/\/kurierskruda.pl\/index.php\/wp-json\/wp\/v2\/categories?post=5094"},{"taxonomy":"post_tag","embeddable":true,"href":"http:\/\/kurierskruda.pl\/index.php\/wp-json\/wp\/v2\/tags?post=5094"}],"curies":[{"name":"wp","href":"https:\/\/api.w.org\/{rel}","templated":true}]}}