{"id":5079,"date":"2012-07-09T16:33:39","date_gmt":"2012-07-09T14:33:39","guid":{"rendered":"http:\/\/kurierskruda.pl\/?p=5079"},"modified":"2012-07-09T16:35:06","modified_gmt":"2012-07-09T14:35:06","slug":"imieniny-haliny-w-halinowie","status":"publish","type":"post","link":"http:\/\/kurierskruda.pl\/index.php\/imieniny-haliny-w-halinowie\/informacje","title":{"rendered":"Imieniny Haliny w Halinowie"},"content":{"rendered":"<p>1 lipca Panie o imieniu Halina z gminy Halin\u00f3w wyruszy\u0142y na \u015bwi\u0119towanie do Gminnego Centrum Kultury, gdzie po raz drugi odby\u0142a si\u0119 organizowana przez Gminne Centrum Informacji huczna impreza imieninowa. Na uroczysto\u015b\u0107 zaproszone zosta\u0142y przede wszystkim Solenizantki oraz mieszka\u0144cy Halinowa. Pogoda dopisa\u0142a, dzi\u0119ki czemu w niedzielne popo\u0142udnie do parku przy GCK przyby\u0142o kilkadziesi\u0105t Halin z ca\u0142ej gminy. Na pocz\u0105tku plenerowych imienin Burmistrz Halinowa i Kierownik Gminnego Centrum Informacji wr\u0119czyli wszystkim Halinom okoliczno\u015bciowe prezenty, z\u0142o\u017cyli imieninowe \u017cyczenia oraz rozpocz\u0119li uroczyste \u201eSto lat\u201d na cze\u015b\u0107 Solenizantek.<br \/>\nBiesiadowano przy suto zastawionym stole przygotowanym przez restauracj\u0119 \u201eD\u0119bianka\u201d. Na scenie pojawili si\u0119 m\u0142odzi mieszka\u0144cy Halinowa \u2013 Zesp\u00f3\u0142 Anny Szulim, kt\u00f3ry zaprezentowa\u0142 Solenizantkom ciekaw\u0105 wi\u0105zank\u0119 popularnych piosenek. Tomasz Nowak graj\u0105cy na akordeonie poderwa\u0142 do wsp\u00f3lnego \u015bpiewu kilkadziesi\u0105t Halinek.<\/p>\n<p>Po zako\u0144czonej wsp\u00f3lnej biesiadzie wida\u0107, \u017ce Imieniny Haliny w Halinowie trwale wpisa\u0142y si\u0119 w kalendarz halinowskich imprez.<\/p>\n<p><img loading=\"lazy\" decoding=\"async\" class=\"alignnone\" src=\"http:\/\/www.halinow.pl\/images_menus_big\/0\/591\/3.jpg\" alt=\"\" width=\"560\" height=\"420\" \/><\/p>\n<p><img loading=\"lazy\" decoding=\"async\" class=\"alignnone\" src=\"http:\/\/www.halinow.pl\/images_menus_big\/0\/591\/6.jpg\" alt=\"\" width=\"560\" height=\"420\" \/><\/p>\n<p>&nbsp;<\/p>\n","protected":false},"excerpt":{"rendered":"<p>1 lipca Panie o imieniu Halina z gminy Halin\u00f3w wyruszy\u0142y na \u015bwi\u0119towanie do Gminnego Centrum Kultury, gdzie po raz drugi odby\u0142a si\u0119 organizowana przez Gminne Centrum Informacji huczna impreza imieninowa. Na uroczysto\u015b\u0107 zaproszone zosta\u0142y przede wszystkim Solenizantki oraz mieszka\u0144cy Halinowa. Pogoda dopisa\u0142a, dzi\u0119ki czemu w niedzielne popo\u0142udnie do parku przy&#8230;<\/p>\n","protected":false},"author":2,"featured_media":5080,"comment_status":"open","ping_status":"closed","sticky":false,"template":"","format":"standard","meta":{"footnotes":""},"categories":[5],"tags":[525,1016,7,720],"class_list":["post-5079","post","type-post","status-publish","format-standard","has-post-thumbnail","hentry","category-informacje","tag-anna-szulim","tag-halina","tag-halinow","tag-imieniny"],"aioseo_notices":[],"_links":{"self":[{"href":"http:\/\/kurierskruda.pl\/index.php\/wp-json\/wp\/v2\/posts\/5079"}],"collection":[{"href":"http:\/\/kurierskruda.pl\/index.php\/wp-json\/wp\/v2\/posts"}],"about":[{"href":"http:\/\/kurierskruda.pl\/index.php\/wp-json\/wp\/v2\/types\/post"}],"author":[{"embeddable":true,"href":"http:\/\/kurierskruda.pl\/index.php\/wp-json\/wp\/v2\/users\/2"}],"replies":[{"embeddable":true,"href":"http:\/\/kurierskruda.pl\/index.php\/wp-json\/wp\/v2\/comments?post=5079"}],"version-history":[{"count":4,"href":"http:\/\/kurierskruda.pl\/index.php\/wp-json\/wp\/v2\/posts\/5079\/revisions"}],"predecessor-version":[{"id":5084,"href":"http:\/\/kurierskruda.pl\/index.php\/wp-json\/wp\/v2\/posts\/5079\/revisions\/5084"}],"wp:featuredmedia":[{"embeddable":true,"href":"http:\/\/kurierskruda.pl\/index.php\/wp-json\/wp\/v2\/media\/5080"}],"wp:attachment":[{"href":"http:\/\/kurierskruda.pl\/index.php\/wp-json\/wp\/v2\/media?parent=5079"}],"wp:term":[{"taxonomy":"category","embeddable":true,"href":"http:\/\/kurierskruda.pl\/index.php\/wp-json\/wp\/v2\/categories?post=5079"},{"taxonomy":"post_tag","embeddable":true,"href":"http:\/\/kurierskruda.pl\/index.php\/wp-json\/wp\/v2\/tags?post=5079"}],"curies":[{"name":"wp","href":"https:\/\/api.w.org\/{rel}","templated":true}]}}