{"id":5074,"date":"2012-07-09T15:24:03","date_gmt":"2012-07-09T13:24:03","guid":{"rendered":"http:\/\/kurierskruda.pl\/?p=5074"},"modified":"2012-07-09T15:24:03","modified_gmt":"2012-07-09T13:24:03","slug":"mistrzynie-z-wiazowny","status":"publish","type":"post","link":"http:\/\/kurierskruda.pl\/index.php\/mistrzynie-z-wiazowny\/sport","title":{"rendered":"Mistrzynie z Wi\u0105zowny"},"content":{"rendered":"<p>Tancerki z Gminnego O\u015brodka Kultury w Wi\u0105zownie powr\u00f3ci\u0142y z\u00a0W\u0119gier, gdzie reprezentowa\u0142y Polsk\u0119 na Mistrzostwach \u015awiata i\u00a0Europy International Federation of\u00a0Modern Dance Sport. Prowadzone przez instruktor Ann\u0119 Chwalczuk dziewcz\u0119ta zaj\u0119\u0142y w Veszprem wysokie pozycje.<\/p>\n<p>W\u00a0 mistrzostwach uczestniczyli przedstawiciele kadr narodowych: W\u0119gier, S\u0142owacji, Serbii, Rumunii, Mo\u0142dawii, Rosji, Ukrainy oraz Polski.\u00a0 W zawodach o Mistrzostwo \u015awiata uczestniczy\u0142o prawie 2000 zawodnik\u00f3w. Polsk\u0119 reprezentowa\u0142o \u0142\u0105cznie 340 tancerzy z klub\u00f3w tanecznych zrzeszonych przy o\u015brodkach kultury i sportu z ca\u0142ego kraju.<br \/>\nTa presti\u017cowa impreza w \u015bwiecie ta\u0144ca zgromadzi\u0142a zawodnik\u00f3w, kt\u00f3rzy zakwalifikowali si\u0119 do kadr narodowych na podstawie osi\u0105gni\u0119tych wynik\u00f3w w eliminacjach krajowych. Reprezentantki GOK Natalia Ci\u0105\u0107ka i Justyna Jedlak\u00a0 zdoby\u0142y nominacj\u0119 startuj\u0105c w Mistrzostwach Ekstraklasy w\u00a0ta\u0144cu sportowym, kt\u00f3re odby\u0142y si\u0119 w dniu 26 lutego br. w Teresinie. Zdoby\u0142y w\u00f3wczas srebrne medale w kategorii duety dance show junior\u00f3w m\u0142odszych.<br \/>\nJu\u017c sam awans do reprezentacji by\u0142 dla nich bardzo wa\u017cnym sukcesem. Do polskiej kadry kwalifikowali si\u0119 bowiem zdobywcy pierwszych czterech miejsc w poszczeg\u00f3lnych technikach i\u00a0kategoriach ta\u0144ca.<br \/>\nW ci\u0105gu 3 dni w Hali Sportowej w Veszprem prezentowali si\u0119 tancerze w takich kategoriach jak: disco freestyle, disco dance, hip hop, street dance revue, techno dance, dance show, sport rocky, funky, electric, fantasy i caribbean latin show. Dziewcz\u0119ta\u00a0 z sekcji ta\u0144ca nowoczesnego \u201eRYTM\u201d z\u00a0Wi\u0105zowny zaprezentowa\u0142y wysok\u0105 form\u0119 plasuj\u0105c si\u0119 na IV miejscu w kategorii artystycznej Dance Show Duo Youth. Przypomnijmy, \u017ce Natalia Ci\u0105\u0107ka i Justyna Jedlak w ubieg\u0142ym roku\u00a0 zdoby\u0142y tytu\u0142 Wicemistrzy\u0144 \u015awiata w tej samej kategorii.<br \/>\nCieszy fakt, \u017ce nast\u0119pczynie\u00a0 Mistrzy\u0144 i Wicemistrzy\u0144 \u015awiata Moniki Chwalczuk i Urszuli Nejman z\u00a02010 roku si\u0119gn\u0119\u0142y po tak wysokie miejsce.<\/p>\n<p><a href=\"http:\/\/kurierskruda.pl\/wp-content\/uploads\/2012\/07\/fot.jpg\"><img loading=\"lazy\" decoding=\"async\" class=\"aligncenter size-large wp-image-5076\" title=\"fot\" src=\"http:\/\/kurierskruda.pl\/wp-content\/uploads\/2012\/07\/fot-449x600.jpg\" alt=\"\" width=\"449\" height=\"600\" srcset=\"http:\/\/kurierskruda.pl\/wp-content\/uploads\/2012\/07\/fot-449x600.jpg 449w, http:\/\/kurierskruda.pl\/wp-content\/uploads\/2012\/07\/fot-116x155.jpg 116w, http:\/\/kurierskruda.pl\/wp-content\/uploads\/2012\/07\/fot-224x300.jpg 224w, http:\/\/kurierskruda.pl\/wp-content\/uploads\/2012\/07\/fot-74x100.jpg 74w, http:\/\/kurierskruda.pl\/wp-content\/uploads\/2012\/07\/fot-37x50.jpg 37w, http:\/\/kurierskruda.pl\/wp-content\/uploads\/2012\/07\/fot-149x200.jpg 149w, http:\/\/kurierskruda.pl\/wp-content\/uploads\/2012\/07\/fot.jpg 560w\" sizes=\"(max-width: 449px) 100vw, 449px\" \/><\/a><br \/>\nSerdecznie gratulujemy !!!<br \/>\nInfo. GOK\/ACH<br \/>\nhttp:\/\/www.wiazowna.pl\/571-4704b86ebac25-38620.htm<\/p>\n","protected":false},"excerpt":{"rendered":"<p>Tancerki z Gminnego O\u015brodka Kultury w Wi\u0105zownie powr\u00f3ci\u0142y z\u00a0W\u0119gier, gdzie reprezentowa\u0142y Polsk\u0119 na Mistrzostwach \u015awiata i\u00a0Europy International Federation of\u00a0Modern Dance Sport. Prowadzone przez instruktor Ann\u0119 Chwalczuk dziewcz\u0119ta zaj\u0119\u0142y w Veszprem wysokie pozycje. W\u00a0 mistrzostwach uczestniczyli przedstawiciele kadr narodowych: W\u0119gier, S\u0142owacji, Serbii, Rumunii, Mo\u0142dawii, Rosji, Ukrainy oraz Polski.\u00a0 W zawodach o&#8230;<\/p>\n","protected":false},"author":2,"featured_media":5075,"comment_status":"open","ping_status":"closed","sticky":false,"template":"","format":"standard","meta":{"footnotes":""},"categories":[11],"tags":[1014,1012,1013,1010,1015,85,461,1011],"class_list":["post-5074","post","type-post","status-publish","format-standard","has-post-thumbnail","hentry","category-sport","tag-chwalczuk","tag-ciacka","tag-jedlak","tag-mistrzostwa-swiata","tag-nejman","tag-sport-3","tag-taniec","tag-wegry"],"aioseo_notices":[],"_links":{"self":[{"href":"http:\/\/kurierskruda.pl\/index.php\/wp-json\/wp\/v2\/posts\/5074"}],"collection":[{"href":"http:\/\/kurierskruda.pl\/index.php\/wp-json\/wp\/v2\/posts"}],"about":[{"href":"http:\/\/kurierskruda.pl\/index.php\/wp-json\/wp\/v2\/types\/post"}],"author":[{"embeddable":true,"href":"http:\/\/kurierskruda.pl\/index.php\/wp-json\/wp\/v2\/users\/2"}],"replies":[{"embeddable":true,"href":"http:\/\/kurierskruda.pl\/index.php\/wp-json\/wp\/v2\/comments?post=5074"}],"version-history":[{"count":2,"href":"http:\/\/kurierskruda.pl\/index.php\/wp-json\/wp\/v2\/posts\/5074\/revisions"}],"predecessor-version":[{"id":5078,"href":"http:\/\/kurierskruda.pl\/index.php\/wp-json\/wp\/v2\/posts\/5074\/revisions\/5078"}],"wp:featuredmedia":[{"embeddable":true,"href":"http:\/\/kurierskruda.pl\/index.php\/wp-json\/wp\/v2\/media\/5075"}],"wp:attachment":[{"href":"http:\/\/kurierskruda.pl\/index.php\/wp-json\/wp\/v2\/media?parent=5074"}],"wp:term":[{"taxonomy":"category","embeddable":true,"href":"http:\/\/kurierskruda.pl\/index.php\/wp-json\/wp\/v2\/categories?post=5074"},{"taxonomy":"post_tag","embeddable":true,"href":"http:\/\/kurierskruda.pl\/index.php\/wp-json\/wp\/v2\/tags?post=5074"}],"curies":[{"name":"wp","href":"https:\/\/api.w.org\/{rel}","templated":true}]}}