{"id":4656,"date":"2012-04-07T10:08:01","date_gmt":"2012-04-07T08:08:01","guid":{"rendered":"http:\/\/kurierskruda.pl\/?p=4656"},"modified":"2012-04-07T12:53:15","modified_gmt":"2012-04-07T10:53:15","slug":"sciezka-przyrodnicza-w-poszukiwaniu-wiosennego-przebudzenia","status":"publish","type":"post","link":"http:\/\/kurierskruda.pl\/index.php\/sciezka-przyrodnicza-w-poszukiwaniu-wiosennego-przebudzenia\/rozrywka","title":{"rendered":"\u015acie\u017cka przyrodnicza: &#8222;W poszukiwaniu wiosennego przebudzenia&#8221;"},"content":{"rendered":"<p align=\"center\"><strong>\u015acie\u017cka przyrodnicza \u2013 W poszukiwaniu wiosennego przebudzenia<\/strong><\/p>\n<p><strong>\u00a0<\/strong><\/p>\n<p align=\"center\"><strong><a href=\"http:\/\/kurierskruda.pl\/wp-content\/uploads\/2012\/03\/Sciezka1.jpg\"><img loading=\"lazy\" decoding=\"async\" class=\"wp-image-4683 aligncenter\" title=\"Sciezka\" src=\"http:\/\/kurierskruda.pl\/wp-content\/uploads\/2012\/03\/Sciezka1-600x524.jpg\" alt=\"\" width=\"600\" height=\"524\" srcset=\"http:\/\/kurierskruda.pl\/wp-content\/uploads\/2012\/03\/Sciezka1-600x524.jpg 600w, http:\/\/kurierskruda.pl\/wp-content\/uploads\/2012\/03\/Sciezka1-155x135.jpg 155w, http:\/\/kurierskruda.pl\/wp-content\/uploads\/2012\/03\/Sciezka1-300x262.jpg 300w, http:\/\/kurierskruda.pl\/wp-content\/uploads\/2012\/03\/Sciezka1-100x87.jpg 100w, http:\/\/kurierskruda.pl\/wp-content\/uploads\/2012\/03\/Sciezka1-50x43.jpg 50w, http:\/\/kurierskruda.pl\/wp-content\/uploads\/2012\/03\/Sciezka1-228x200.jpg 228w, http:\/\/kurierskruda.pl\/wp-content\/uploads\/2012\/03\/Sciezka1.jpg 1573w\" sizes=\"(max-width: 600px) 100vw, 600px\" \/><\/a>\u00a0<\/strong><\/p>\n<p>Wiosna &#8211; jej nastanie i koniec wyznaczaj\u0105 dwa zjawiska przyrodnicze. Pierwszym jest zr\u00f3wnanie dnia z noc\u0105, co ma miejsce 21 marca, natomiast drugie &#8211; to najkr\u00f3tsza noc w roku z 21 na 22 czerwca. Ostatnim dniem wiosny jest 24 czerwiec.<\/p>\n<p>W poszukiwaniu jej oznak warto wybra\u0107 si\u0119 na spacer lub przeja\u017cd\u017ck\u0119 rowerow\u0105.<\/p>\n<p>Zapraszam na w\u0119dr\u00f3wk\u0119 szlakiem wiosennego przebudzenia, podczas kt\u00f3rej odwiedzimy malownicze i ciekawe przyrodniczo tereny dw\u00f3ch gmin : Gminy Halin\u00f3w oraz Gminy Wi\u0105zowna.<\/p>\n<p>\u015acie\u017cka ma d\u0142ugo\u015b\u0107 ok. 6,5 km a jej przej\u015bcie powolnym spacerem zajmuje ok. 2,5 godziny.<\/p>\n<p>Trasa rozpoczyna si\u0119 we wsi Stary Konik, sk\u0105d fragmentem Szlaku Na Przedpolach Warszawy prowadzi do Wsi Duchn\u00f3w i ko\u0144czy si\u0119 w drugim ko\u0144cu Starego Konika.<\/p>\n<p>Podczas spaceru odwiedzamy kilka zbiorowisk ro\u015blinnych, g\u0142\u00f3wnie\u00a0 \u0142\u0105k (cz\u0119sto podmok\u0142ych), p\u00f3l uprawnych,\u00a0 wrzosowiskowych i le\u015bnych oraz staw i rzek\u0119.<\/p>\n<p>Na w\u0119dr\u00f3wk\u0119 najlepiej wyruszy\u0107 o poranku lub p\u00f3\u017anym popo\u0142udniem, gdy\u017c s\u0105 to pory wzmo\u017conej aktywno\u015bci wi\u0119kszo\u015bci zwierz\u0105t. Je\u015bli lubimy uwiecznia\u0107 przyrod\u0119 na zdj\u0119ciach dobrze wiedzie\u0107, \u017ce z punktu widzenia fotografa przyrody dzie\u0144 ma trzy pory: poranek, czas oko\u0142o po\u0142udniowy i wiecz\u00f3r. Pora dnia ma bowiem niezwyk\u0142y wp\u0142yw na to jak b\u0119d\u0105 wygl\u0105da\u0142y nasze zdj\u0119cia, poniewa\u017c\u00a0 r\u00f3\u017cnych porach \u015bwiat\u0142o ma inn\u0105 temperatur\u0119 barwow\u0105 i tak od ciep\u0142ej, porannej, czerwono-pomara\u0144czowej\u00a0\u00a0barwy przechodzi ono do ch\u0142odnego, bia\u0142o-niebieskiego\u00a0blasku utrzymuj\u0105cego sie w godzinach 10.00 \u2013 14.00 \u00a0w zale\u017cno\u015bci od ilo\u015bci chmur, by po po\u0142udniu zn\u00f3w powr\u00f3ci\u0107 do ciep\u0142ego, przyjemnie odbieranego \u015bwiat\u0142a.<\/p>\n<p>Pr\u00f3cz aparatu fotograficznego warto mie\u0107 ze sob\u0105 lornetk\u0119, by m\u00f3c lepiej przyjrze\u0107 si\u0119 p\u0142ochliwym gatunkom.<\/p>\n<p>&nbsp;<\/p>\n<p><strong>Przystanek 1 :<\/strong><\/p>\n<p><strong>Rudziki na skraju lasu<br \/>\n<\/strong><\/p>\n<p><a href=\"http:\/\/kurierskruda.pl\/wp-content\/uploads\/2012\/03\/181.jpg\"><img loading=\"lazy\" decoding=\"async\" class=\"size-large wp-image-4684 aligncenter\" title=\"18\" src=\"http:\/\/kurierskruda.pl\/wp-content\/uploads\/2012\/03\/181-600x587.jpg\" alt=\"\" width=\"600\" height=\"587\" srcset=\"http:\/\/kurierskruda.pl\/wp-content\/uploads\/2012\/03\/181-600x587.jpg 600w, http:\/\/kurierskruda.pl\/wp-content\/uploads\/2012\/03\/181-155x151.jpg 155w, http:\/\/kurierskruda.pl\/wp-content\/uploads\/2012\/03\/181-300x293.jpg 300w, http:\/\/kurierskruda.pl\/wp-content\/uploads\/2012\/03\/181-100x97.jpg 100w, http:\/\/kurierskruda.pl\/wp-content\/uploads\/2012\/03\/181-50x48.jpg 50w, http:\/\/kurierskruda.pl\/wp-content\/uploads\/2012\/03\/181-204x200.jpg 204w\" sizes=\"(max-width: 600px) 100vw, 600px\" \/><\/a><\/p>\n<p style=\"text-align: center;\">Fot. Wioletta Natka\u0144ska<\/p>\n<p>&nbsp;<\/p>\n<p>Pierwsze kroki naszego spaceru wiod\u0105 przez istniej\u0105cy ju\u017c szlak turystyczny MZ-5079n\u00a0 \u201eNa przedpolach stolicy\u201d. Znakowany jest kolorem niebieskim i prowadzi z\u00a0Okuniewa, przez D\u0142ug\u0105 Ko\u015bcieln\u0105, Halin\u00f3w, Stary Konik, Golic\u0119, Wi\u0105zown\u0119, Bia\u0142y \u0141ug, Zb\u00f3jn\u0105 G\u00f3r\u0119 do przystanku PKP w Rado\u015bci.<\/p>\n<p>W Starym Koniku biegnie \u017cwirow\u0105 drog\u0105 tu\u017c przy skraju niewielkiego lasu. Wczesn\u0105 wiosn\u0105, bo ju\u017c pod koniec marca mo\u017cna spotka\u0107 tutaj rudziki. Rudzik jest niewielkim ptakiem,\u00a0 kt\u00f3rego wbrew pozorom bardzo \u0142atwo zauwa\u017cy\u0107. Co prawda jest szary ale w oczy od razu rzuca si\u0119 jego ruda pier\u015b. Rudziki\u00a0 zaraz po powrocie z zimowisk zaczynaj\u0105 intensywnie \u015bpiewa\u0107. Cz\u0119sto ko\u0144cz\u0105 swoje wokalne popisy gdy robi si\u0119 ju\u017c prawie ciemno. Wiosn\u0105 mo\u017cna zauwa\u017cy\u0107, \u017ce samce s\u0105 wyj\u0105tkowo agresywne. Ca\u0142ymi dniami ganiaj\u0105 si\u0119, \u015bpiewaj\u0105 i ustalaj\u0105 granic\u0119 swoich rewir\u00f3w. Sytuacj\u0119 \u0142agodz\u0105 dopiero ptasie kobiety, kt\u00f3re pojawiaj\u0105c si\u0119 skupiaj\u0105 na sobie uwag\u0119 samc\u00f3w.<\/p>\n<p>&nbsp;<\/p>\n<p><strong>Przystanek 2:<\/strong><strong><\/strong><\/p>\n<p><strong>Dom dla szpaka<\/strong><\/p>\n<p><a href=\"http:\/\/kurierskruda.pl\/wp-content\/uploads\/2012\/03\/17.jpg\"><img loading=\"lazy\" decoding=\"async\" class=\"size-large wp-image-4664 aligncenter\" title=\"17\" src=\"http:\/\/kurierskruda.pl\/wp-content\/uploads\/2012\/03\/17-450x600.jpg\" alt=\"\" width=\"450\" height=\"600\" srcset=\"http:\/\/kurierskruda.pl\/wp-content\/uploads\/2012\/03\/17-450x600.jpg 450w, http:\/\/kurierskruda.pl\/wp-content\/uploads\/2012\/03\/17-116x155.jpg 116w, http:\/\/kurierskruda.pl\/wp-content\/uploads\/2012\/03\/17-225x300.jpg 225w, http:\/\/kurierskruda.pl\/wp-content\/uploads\/2012\/03\/17-75x100.jpg 75w, http:\/\/kurierskruda.pl\/wp-content\/uploads\/2012\/03\/17-37x50.jpg 37w, http:\/\/kurierskruda.pl\/wp-content\/uploads\/2012\/03\/17-150x200.jpg 150w\" sizes=\"(max-width: 450px) 100vw, 450px\" \/><\/a><\/p>\n<p style=\"text-align: center;\">Fot. Wioletta Natka\u0144ska<\/p>\n<p>&nbsp;<\/p>\n<p>Po przej\u015bciu ok. 400 m docieramy do skrzy\u017cowania, gdzie skr\u0119camy w prawo w \u015bcie\u017ck\u0119 prowadz\u0105c\u0105 pocz\u0105tkowo przez fragment lasu, potem w\u015br\u00f3d p\u00f3l, a\u017c do torfowiska potocznie zwanego \u201ebagnem\u201d.<\/p>\n<p>Ju\u017c na pocz\u0105tku drogi zobaczy\u0107 mo\u017cna budki l\u0119gowe, kt\u00f3re zasiedlaj\u0105 szpaki.<\/p>\n<p>Z zimowisk przylatuj\u0105 wcze\u015bnie, bo ju\u017c na pocz\u0105tku marca. Szpak to ptak pospolity, dobrze znany zapewne wi\u0119kszo\u015bci. Kr\u0119pej budowy i na poz\u00f3r czarno ubarwiony. Ale tylko na poz\u00f3r, bo gdy si\u0119 mu chwilk\u0119 przyjrze\u0107, zw\u0142aszcza w promieniach wiosennego s\u0142o\u0144ca wida\u0107, \u017ce w\u00a0szacie godowej mieni si\u0119 w\u00a0s\u0142o\u0144cu kolorami zieleni i\u00a0fioletu. To jeden z moich ulubionych ptasich zwiastun\u00f3w wiosny. Zw\u0142aszcza gdy otworzy dzi\u00f3b &#8211; jego \u015bpiew jest bardzo r\u00f3\u017cnorodny, poniewa\u017c potrafi na\u015bladowa\u0107 g\u0142osy innych gatunk\u00f3w ptak\u00f3w oraz zas\u0142yszane d\u017awi\u0119ki. Samce r\u00f3wnie\u017c bywaj\u0105 wiosn\u0105 agresywne, zw\u0142aszcza przy zajmowaniu budek l\u0119gowych. Bywa, \u017ce kilka osobnik\u00f3w walczy o t\u0105 sam\u0105 budk\u0119, dziobi\u0105 si\u0119 i przepychaj\u0105. Czasem ustawiaj\u0105 si\u0119 rz\u0119dem na ga\u0142\u0119zi i po kolei celuj\u0105 do jednej budki. A\u017c w ko\u0144cu kt\u00f3remu\u015b si\u0119 uda lub inne stwierdz\u0105, \u017ce szkoda zachodu i lepiej poszuka\u0107 budki w innej -mniej modnej lokalizacji.<\/p>\n<p>Szpaki sk\u0142adaj\u0105 zazwyczaj 5 jaj a ich wysiadywanie trwa 2 tygodnie. M\u0142ode przebywaj\u0105 w budkach ok. 21 dni. Mo\u017cna wtedy obserwowa\u0107 jak s\u0105 karmione. Ma\u0142y szpak musi dziennie zje\u015b\u0107 tyle owad\u00f3w ile sam wa\u017cy, oznacza to, \u017ce szpaczy rodzice od \u015bwitu do zmierzchu co kilka minut dostarcza\u0107 musz\u0105 do dziob\u00f3w swych pociech jaki\u015b smako\u0142yk. Ci\u0119\u017cka to praca, a towarzysz\u0105 jej s\u0142yszalne z daleka wrzaski m\u0142odych, kt\u00f3re zanim wyjd\u0105 z gniazda sprawiaj\u0105 wra\u017cenie jakby sk\u0142ada\u0142y si\u0119 z samych dziob\u00f3w. Ptasia m\u0142odzie\u017c po opuszczeniu gniazda z regu\u0142y w dalszym ci\u0105gu wymaga jeszcze opieki: dokarmiania i obrony przed drapie\u017cnikami.<\/p>\n<p><a href=\"http:\/\/kurierskruda.pl\/wp-content\/uploads\/2012\/03\/15.jpg\"><img loading=\"lazy\" decoding=\"async\" class=\"size-large wp-image-4665 aligncenter\" title=\"15\" src=\"http:\/\/kurierskruda.pl\/wp-content\/uploads\/2012\/03\/15-600x226.jpg\" alt=\"\" width=\"600\" height=\"226\" srcset=\"http:\/\/kurierskruda.pl\/wp-content\/uploads\/2012\/03\/15-600x226.jpg 600w, http:\/\/kurierskruda.pl\/wp-content\/uploads\/2012\/03\/15-155x58.jpg 155w, http:\/\/kurierskruda.pl\/wp-content\/uploads\/2012\/03\/15-300x113.jpg 300w, http:\/\/kurierskruda.pl\/wp-content\/uploads\/2012\/03\/15-100x37.jpg 100w, http:\/\/kurierskruda.pl\/wp-content\/uploads\/2012\/03\/15-50x18.jpg 50w\" sizes=\"(max-width: 600px) 100vw, 600px\" \/><\/a><\/p>\n<p>Fot. Wioletta Natka\u0144ska<\/p>\n<p><strong>Przystanek 3<\/strong><strong><\/strong><\/p>\n<p><strong>\u017burawie<\/strong><\/p>\n<p>Przemierzaj\u0105c nast\u0119pne kilkaset metr\u00f3w drog\u0105 pomi\u0119dzy polami i \u0142\u0105kami dochodzimy do \u201ebagna\u201d. Wczesn\u0105 wiosn\u0105 warto i\u015b\u0107 powoli i dobrze si\u0119 rozgl\u0105da\u0107, bo w przeciwnym wypadku mo\u017cemy by\u0107 pewni, ze szybciej wypatrz\u0105 nas \u017curawie. Raczej nie da si\u0119 przegapi\u0107 tego momentu, gdy\u017c zaniepokojone ptaki podnosz\u0105 g\u0142o\u015bny klangor, kt\u00f3ry niesie si\u0119 echem po okolicy. Para \u017curawi gniazduje tutaj od wielu lat. Bywa, \u017ce pojawiaj\u0105 si\u0119 na legowisku ju\u017c na pocz\u0105tku marca i nied\u0142ugo po tym przyst\u0119puj\u0105 do l\u0119g\u00f3w. Warto zwr\u00f3ci\u0107 uwag\u0119 na to, \u017ce zdarzaj\u0105 si\u0119 wtedy jeszcze zimowe dni. Wysiaduj\u0105cy jaja ptak musi chroni\u0107 je przed mrozem. Niepokojenie wi\u0119c \u017cuawi o tej porze roku mo\u017ce by\u0107 dla nich tragiczne w skutkach, gdy\u017c podczas nieobecno\u015bci doros\u0142ego w gnie\u017adzie jaja mog\u0105 ulec wych\u0142odzeniu.<\/p>\n<p><strong>\u017burawie zawsze fascynowa\u0142y ludzi. S\u0105 inspiracj\u0105 dla legend, mit\u00f3w i malarstwa. Zafascynowany nimi by\u0142 tak\u017ce J\u00f3zef Che\u0142mo\u0144ski, kt\u00f3ry uwiecznia\u0142 te pi\u0119kne ptaki na nastrojowych obrazach. \u017burawie kojarz\u0105 si\u0119 z wierno\u015bci\u0105 ma\u0142\u017ce\u0144sk\u0105 i odradzaniem si\u0119 przyrody\u00a0po\u00a0zimie.<\/strong><\/p>\n<p style=\"text-align: center;\"><strong>\u00a0<\/strong><a href=\"http:\/\/kurierskruda.pl\/wp-content\/uploads\/2012\/03\/13.jpg\"><img loading=\"lazy\" decoding=\"async\" class=\"size-large wp-image-4666\" title=\"13\" src=\"http:\/\/kurierskruda.pl\/wp-content\/uploads\/2012\/03\/13-600x336.jpg\" alt=\"\" width=\"600\" height=\"336\" srcset=\"http:\/\/kurierskruda.pl\/wp-content\/uploads\/2012\/03\/13-600x336.jpg 600w, http:\/\/kurierskruda.pl\/wp-content\/uploads\/2012\/03\/13-155x87.jpg 155w, http:\/\/kurierskruda.pl\/wp-content\/uploads\/2012\/03\/13-300x168.jpg 300w, http:\/\/kurierskruda.pl\/wp-content\/uploads\/2012\/03\/13-100x56.jpg 100w, http:\/\/kurierskruda.pl\/wp-content\/uploads\/2012\/03\/13-50x28.jpg 50w\" sizes=\"(max-width: 600px) 100vw, 600px\" \/><\/a><br \/>\nFot. Wioletta Natka\u0144ska<\/p>\n<p><strong>\u00a0<a href=\"http:\/\/kurierskruda.pl\/wp-content\/uploads\/2012\/03\/11.jpg\"><img loading=\"lazy\" decoding=\"async\" class=\"wp-image-4667 aligncenter\" title=\"11\" src=\"http:\/\/kurierskruda.pl\/wp-content\/uploads\/2012\/03\/11-600x450.jpg\" alt=\"\" width=\"600\" height=\"450\" srcset=\"http:\/\/kurierskruda.pl\/wp-content\/uploads\/2012\/03\/11-600x450.jpg 600w, http:\/\/kurierskruda.pl\/wp-content\/uploads\/2012\/03\/11-155x116.jpg 155w, http:\/\/kurierskruda.pl\/wp-content\/uploads\/2012\/03\/11-300x225.jpg 300w, http:\/\/kurierskruda.pl\/wp-content\/uploads\/2012\/03\/11-100x75.jpg 100w, http:\/\/kurierskruda.pl\/wp-content\/uploads\/2012\/03\/11-50x37.jpg 50w, http:\/\/kurierskruda.pl\/wp-content\/uploads\/2012\/03\/11-266x200.jpg 266w\" sizes=\"(max-width: 600px) 100vw, 600px\" \/><\/a><\/strong><\/p>\n<p style=\"text-align: center;\">Fot. Wioletta Natka\u0144ska<\/p>\n<p><strong>\u00a0<\/strong><\/p>\n<p><strong>\u00a0\u00a0\u00a0\u00a0\u00a0\u00a0\u00a0\u00a0\u00a0\u00a0\u00a0 <\/strong>Opr\u00f3cz \u017curawi spotka\u0107 mo\u017cna r\u00f3wnie\u017c w tym miejscu \u017caby moczarowe, kt\u00f3re ze snu zimowego budz\u0105 si\u0119 ju\u017c w marcu by wabi\u0107 partnerki dono\u015bnym g\u0142osem.<\/p>\n<p>Wiosn\u0105 oraz latem cz\u0119sto wychodz\u0105 na t\u0105 polan\u0119 sarny, kt\u00f3re \u017ceruj\u0105 o ka\u017cdej porze dnia. G\u0142\u00f3wne fazy \u017cerowania przypadaj\u0105 jednak na wczesne godziny ranne, po\u0142udnie oraz godziny wieczorne i nocne.<\/p>\n<p><a href=\"http:\/\/kurierskruda.pl\/wp-content\/uploads\/2012\/03\/10.jpg\"><img loading=\"lazy\" decoding=\"async\" class=\"wp-image-4669 aligncenter\" title=\"10\" src=\"http:\/\/kurierskruda.pl\/wp-content\/uploads\/2012\/03\/10-600x450.jpg\" alt=\"\" width=\"600\" height=\"450\" srcset=\"http:\/\/kurierskruda.pl\/wp-content\/uploads\/2012\/03\/10-600x450.jpg 600w, http:\/\/kurierskruda.pl\/wp-content\/uploads\/2012\/03\/10-155x116.jpg 155w, http:\/\/kurierskruda.pl\/wp-content\/uploads\/2012\/03\/10-300x225.jpg 300w, http:\/\/kurierskruda.pl\/wp-content\/uploads\/2012\/03\/10-100x75.jpg 100w, http:\/\/kurierskruda.pl\/wp-content\/uploads\/2012\/03\/10-50x37.jpg 50w, http:\/\/kurierskruda.pl\/wp-content\/uploads\/2012\/03\/10-266x200.jpg 266w\" sizes=\"(max-width: 600px) 100vw, 600px\" \/><\/a><\/p>\n<p style=\"text-align: center;\">Fot. Wioletta Natka\u0144ska<\/p>\n<p>\u00a0<a href=\"http:\/\/kurierskruda.pl\/wp-content\/uploads\/2012\/03\/9.jpg\"><img loading=\"lazy\" decoding=\"async\" class=\"size-large wp-image-4670 aligncenter\" title=\"9\" src=\"http:\/\/kurierskruda.pl\/wp-content\/uploads\/2012\/03\/9-600x521.jpg\" alt=\"\" width=\"600\" height=\"521\" srcset=\"http:\/\/kurierskruda.pl\/wp-content\/uploads\/2012\/03\/9-600x521.jpg 600w, http:\/\/kurierskruda.pl\/wp-content\/uploads\/2012\/03\/9-155x134.jpg 155w, http:\/\/kurierskruda.pl\/wp-content\/uploads\/2012\/03\/9-300x260.jpg 300w, http:\/\/kurierskruda.pl\/wp-content\/uploads\/2012\/03\/9-100x86.jpg 100w, http:\/\/kurierskruda.pl\/wp-content\/uploads\/2012\/03\/9-50x43.jpg 50w, http:\/\/kurierskruda.pl\/wp-content\/uploads\/2012\/03\/9-230x200.jpg 230w\" sizes=\"(max-width: 600px) 100vw, 600px\" \/><\/a><\/p>\n<p style=\"text-align: center;\">Fot. Wioletta Natka\u0144ska<\/p>\n<p><strong>Przystanek 4<\/strong><strong><\/strong><\/p>\n<p><strong>Podniebny \u015bpiewak<\/strong><\/p>\n<p><strong>\u00a0\u00a0\u00a0\u00a0\u00a0\u00a0\u00a0\u00a0\u00a0\u00a0\u00a0 <\/strong>Udaj\u0105c si\u0119 w dalsz\u0105 drog\u0119 idziemy w\u015br\u00f3d \u0142\u0105k i p\u00f3\u0142, kt\u00f3rych niekwestionowanym wiosennym kr\u00f3lem jest skowronek polny.<\/p>\n<p>Skowronki przylatuj\u0105 ju\u017c nawet pod koniec lutego i dla wielu s\u0105 symbolem nadchodz\u0105cej wiosny.<\/p>\n<p>Nie spos\u00f3b pomyli\u0107 go z innym ptakiem, cho\u0107 trudno mu si\u0119 porz\u0105dnie przyjrze\u0107. Ptaszek ten bowiem rzadko siada na ziemi. Jest natomiast mistrzem w \u015bpiewaniu. Ale tylko samiec. Zwykle ju\u017c pierwszy pogodny dzie\u0144 przedwio\u015bnia wita wzbijaj\u0105c si\u0119 w powietrze na wysoko\u015b\u0107 100-200 metr\u00f3w i intensywnie, bezustannie \u015bpiewaj\u0105c. Jego \u015bpiew jest \u00a0perlisty, z\u0142o\u017cony z szybkich, wysokich, \u015bwiergoc\u0105cych treli.<\/p>\n<p>W tych okolicach jest wiele miejsc, gdzie mo\u017cna jeszcze s\u0142ucha\u0107 \u015bpiewu skowronk\u00f3w do woli. Niestety wsz\u0119dzie w Europie jest to jeszcze mo\u017cliwe. Doceniajmy wi\u0119c nasz\u0105 przyrod\u0119 i s\u0142uchajmy ptasich koncert\u00f3w p\u00f3ki mamy tak\u0105 mo\u017cliwo\u015b\u0107.<\/p>\n<p>&nbsp;<\/p>\n<p><strong>Przystanek 5:<\/strong><strong><\/strong><\/p>\n<p><strong>Dudek<\/strong><\/p>\n<p>Mi\u0119dzy polami i \u0142\u0105kami wracamy na szlak \u201eNa przedpolach stolicy\u201d, by po kilkuset metrach skr\u0119ci\u0107 w lewo w drog\u0119 ci\u0105gn\u0105c\u0105 si\u0119 w\u015br\u00f3d kolejnych \u0142\u0105k, p\u00f3l i wierzb. A w tych wierzbach zamieszkuje ptak niezwyk\u0142y. Zar\u00f3wno w swym wygl\u0105dzie jak i zachowaniu. Mowa o dudku.<\/p>\n<p>Dudek jest nielicznym lub bardzo nielicznym ptakiem l\u0119gowym. Pojawia si\u0119 na l\u0119gowiskach w kwietniu. Zachwyca pomara\u0144czowym ubarwieniem z czarno-bia\u0142o pr\u0119gowanym grzbietem i skrzyd\u0142ami oraz czarnym ogonem z bia\u0142\u0105 przepask\u0105. Na g\u0142owie ma d\u0142ugi ruchliwy czub z czarno zako\u0144czonych pi\u00f3r, kt\u00f3ry stroszy w chwilach zaniepokojenia. Czub p\u0142asko po\u0142o\u017cony \u015bwiadczy o tym, \u017ce ptak jest spokojny. Zaraz po przylocie ptak siada na eksponowanym stanowisku i nawo\u0142uje swym charakterystycznym g\u0142osem przypominaj\u0105cym pohukiwanie.<\/p>\n<p>Z piskl\u0119tami dudka nie ma \u017cart\u00f3w.\u00a0 Intruz\u00f3w spod swej dziupli przeganiaj\u0105 bowiem strzelaj\u0105c cuchn\u0105ca wydzielin\u0105. Je\u015bli wi\u0119c nie chcecie reszty spaceru przeby\u0107 otaczaj\u0105c si\u0119 w\u0105tpliwej urody zapachem, radz\u0119 nie niepokoi\u0107 czubatych skunks\u00f3w.<\/p>\n<p>Mnie\u00a0 uda\u0142o si\u0119 spotka\u0107 oko w oko z dudkiem zaledwie trzy razy, lecz chyba trafi\u0142am na wstydliwe egzemplarze, bo \u017caden\u00a0 nie pozwoli\u0142 sobie zrobi\u0107 zdj\u0119cia.<\/p>\n<p>&nbsp;<\/p>\n<p><strong>Przystanek 6<\/strong><strong><\/strong><\/p>\n<p><strong>Wiosna w pigu\u0142ce<\/strong><\/p>\n<p>Przedzieraj\u0105c si\u0119 przez pola docieramy do asfaltowej drogi a ni\u0105 do ul. Wsp\u00f3lnej. Po jej drugiej stronie znajduj\u0105 si\u0119 dwa stawy. A tam prawdziwa eksplozja wiosny. Ptaki, \u017caby, kwiaty, ale po kolei. G\u0142\u00f3wna atrakcj\u0105, opr\u00f3cz stawu jest niew\u0105tpliwie bocianie gniazdo, kt\u00f3re co roku zajmuj\u0119 ptasia para. Czy zawsze ta sama? Nie wiem. Ale zawsze dochowuj\u0105 si\u0119 gromadki piskl\u0105t.<\/p>\n<p><a href=\"http:\/\/kurierskruda.pl\/wp-content\/uploads\/2012\/03\/8.jpg\"><img loading=\"lazy\" decoding=\"async\" class=\"size-large wp-image-4671 aligncenter\" title=\"8\" src=\"http:\/\/kurierskruda.pl\/wp-content\/uploads\/2012\/03\/8-449x600.jpg\" alt=\"\" width=\"449\" height=\"600\" srcset=\"http:\/\/kurierskruda.pl\/wp-content\/uploads\/2012\/03\/8-449x600.jpg 449w, http:\/\/kurierskruda.pl\/wp-content\/uploads\/2012\/03\/8-116x155.jpg 116w, http:\/\/kurierskruda.pl\/wp-content\/uploads\/2012\/03\/8-224x300.jpg 224w, http:\/\/kurierskruda.pl\/wp-content\/uploads\/2012\/03\/8-74x100.jpg 74w, http:\/\/kurierskruda.pl\/wp-content\/uploads\/2012\/03\/8-37x50.jpg 37w, http:\/\/kurierskruda.pl\/wp-content\/uploads\/2012\/03\/8-149x200.jpg 149w\" sizes=\"(max-width: 449px) 100vw, 449px\" \/><\/a><\/p>\n<p style=\"text-align: center;\">Fot. Wioletta Natka\u0144ska<\/p>\n<p>\u00a0<a href=\"http:\/\/kurierskruda.pl\/wp-content\/uploads\/2012\/03\/7.jpg\"><img loading=\"lazy\" decoding=\"async\" class=\"size-large wp-image-4672 aligncenter\" title=\"7\" src=\"http:\/\/kurierskruda.pl\/wp-content\/uploads\/2012\/03\/7-600x361.jpg\" alt=\"\" width=\"600\" height=\"361\" srcset=\"http:\/\/kurierskruda.pl\/wp-content\/uploads\/2012\/03\/7-600x361.jpg 600w, http:\/\/kurierskruda.pl\/wp-content\/uploads\/2012\/03\/7-155x93.jpg 155w, http:\/\/kurierskruda.pl\/wp-content\/uploads\/2012\/03\/7-300x180.jpg 300w, http:\/\/kurierskruda.pl\/wp-content\/uploads\/2012\/03\/7-100x60.jpg 100w, http:\/\/kurierskruda.pl\/wp-content\/uploads\/2012\/03\/7-50x30.jpg 50w\" sizes=\"(max-width: 600px) 100vw, 600px\" \/><\/a><\/p>\n<p style=\"text-align: center;\">Fot. Wioletta Natka\u0144ska<\/p>\n<p>&nbsp;<\/p>\n<p>Bociana nikomu przedstawia\u0107 nie trzeba, ale samo pisanie o tym ptaku jest ju\u017c przyjemno\u015bci\u0105. Kilka s\u0142\u00f3w wi\u0119c o nim w przy okazji kolejnego przystanku.<\/p>\n<p>Po stawie p\u0142ywaj\u0105 kaczki krzy\u017c\u00f3wki z pisklakami oraz \u0142yski.<\/p>\n<p><a href=\"http:\/\/kurierskruda.pl\/wp-content\/uploads\/2012\/03\/1.jpg\"><img loading=\"lazy\" decoding=\"async\" class=\"wp-image-4675 aligncenter\" title=\"1\" src=\"http:\/\/kurierskruda.pl\/wp-content\/uploads\/2012\/03\/1-600x336.jpg\" alt=\"\" width=\"600\" height=\"336\" srcset=\"http:\/\/kurierskruda.pl\/wp-content\/uploads\/2012\/03\/1-600x336.jpg 600w, http:\/\/kurierskruda.pl\/wp-content\/uploads\/2012\/03\/1-155x87.jpg 155w, http:\/\/kurierskruda.pl\/wp-content\/uploads\/2012\/03\/1-300x168.jpg 300w, http:\/\/kurierskruda.pl\/wp-content\/uploads\/2012\/03\/1-100x56.jpg 100w, http:\/\/kurierskruda.pl\/wp-content\/uploads\/2012\/03\/1-50x28.jpg 50w\" sizes=\"(max-width: 600px) 100vw, 600px\" \/><\/a><\/p>\n<p style=\"text-align: center;\">Fot. Wioletta Natka\u0144ska<\/p>\n<p>&nbsp;<\/p>\n<p>Te drugie nazywane s\u0105 kurkami wodnymi. Wczesn\u0105 wiosn\u0105 pary zaczynaj\u0105 broni\u0107 swych rewir\u00f3w przed intruzami i buduj\u0105 z ro\u015blin p\u0142ywaj\u0105ce platformy, zwykle dobrze ukryte w g\u0105szczu przybrze\u017cnych ro\u015blin wodnych, g\u0142\u00f3wnie pa\u0142ki, trzcin lub tataraku.<a title=\"\" href=\"#_ftn1\">[1]<\/a><\/p>\n<p><a href=\"http:\/\/kurierskruda.pl\/wp-content\/uploads\/2012\/03\/6.jpg\"><img loading=\"lazy\" decoding=\"async\" class=\"size-large wp-image-4676 aligncenter\" title=\"6\" src=\"http:\/\/kurierskruda.pl\/wp-content\/uploads\/2012\/03\/6-449x600.jpg\" alt=\"\" width=\"449\" height=\"600\" srcset=\"http:\/\/kurierskruda.pl\/wp-content\/uploads\/2012\/03\/6-449x600.jpg 449w, http:\/\/kurierskruda.pl\/wp-content\/uploads\/2012\/03\/6-116x155.jpg 116w, http:\/\/kurierskruda.pl\/wp-content\/uploads\/2012\/03\/6-224x300.jpg 224w, http:\/\/kurierskruda.pl\/wp-content\/uploads\/2012\/03\/6-74x100.jpg 74w, http:\/\/kurierskruda.pl\/wp-content\/uploads\/2012\/03\/6-37x50.jpg 37w, http:\/\/kurierskruda.pl\/wp-content\/uploads\/2012\/03\/6-149x200.jpg 149w\" sizes=\"(max-width: 449px) 100vw, 449px\" \/><\/a><\/p>\n<p style=\"text-align: center;\">Fot. Wioletta Natka\u0144ska<\/p>\n<p>&nbsp;<\/p>\n<p>W\u015br\u00f3d traw i suwak\u00f3w mo\u017cna us\u0142ysze\u0107 w maju godowe nawo\u0142ywanie mn\u00f3stwa \u017cab wodnych. Co ciekawe \u017caba wodna jest naturaln\u0105 hybryd\u0105, powsta\u0142\u0105 z krzy\u017cowania pozosta\u0142ych gatunk\u00f3w \u017cab wodnych (czyli \u017caby \u015bmieszki z \u017caba jeziorow\u0105). Proces ten zachodzi od kilku milion\u00f3w lat, a na wielu terenach \u017caba ta jest znacznie liczniejsza ni\u017c formy wyj\u015bciowe.<a title=\"\" href=\"#_ftn2\">[2]<\/a><\/p>\n<p><a href=\"http:\/\/kurierskruda.pl\/wp-content\/uploads\/2012\/03\/5.jpg\"><img loading=\"lazy\" decoding=\"async\" class=\"size-large wp-image-4678 aligncenter\" title=\"5\" src=\"http:\/\/kurierskruda.pl\/wp-content\/uploads\/2012\/03\/5-600x450.jpg\" alt=\"\" width=\"600\" height=\"450\" srcset=\"http:\/\/kurierskruda.pl\/wp-content\/uploads\/2012\/03\/5-600x450.jpg 600w, http:\/\/kurierskruda.pl\/wp-content\/uploads\/2012\/03\/5-155x116.jpg 155w, http:\/\/kurierskruda.pl\/wp-content\/uploads\/2012\/03\/5-300x225.jpg 300w, http:\/\/kurierskruda.pl\/wp-content\/uploads\/2012\/03\/5-100x75.jpg 100w, http:\/\/kurierskruda.pl\/wp-content\/uploads\/2012\/03\/5-50x37.jpg 50w, http:\/\/kurierskruda.pl\/wp-content\/uploads\/2012\/03\/5-266x200.jpg 266w\" sizes=\"(max-width: 600px) 100vw, 600px\" \/><\/a><\/p>\n<p style=\"text-align: center;\">Fot. Wioletta Natka\u0144ska<\/p>\n<p>&nbsp;<\/p>\n<p>&nbsp;<\/p>\n<p><a href=\"http:\/\/kurierskruda.pl\/wp-content\/uploads\/2012\/03\/4.jpg\"><img loading=\"lazy\" decoding=\"async\" class=\"size-large wp-image-4674 aligncenter\" title=\"4\" src=\"http:\/\/kurierskruda.pl\/wp-content\/uploads\/2012\/03\/4-449x600.jpg\" alt=\"\" width=\"449\" height=\"600\" srcset=\"http:\/\/kurierskruda.pl\/wp-content\/uploads\/2012\/03\/4-449x600.jpg 449w, http:\/\/kurierskruda.pl\/wp-content\/uploads\/2012\/03\/4-116x155.jpg 116w, http:\/\/kurierskruda.pl\/wp-content\/uploads\/2012\/03\/4-224x300.jpg 224w, http:\/\/kurierskruda.pl\/wp-content\/uploads\/2012\/03\/4-74x100.jpg 74w, http:\/\/kurierskruda.pl\/wp-content\/uploads\/2012\/03\/4-37x50.jpg 37w, http:\/\/kurierskruda.pl\/wp-content\/uploads\/2012\/03\/4-149x200.jpg 149w\" sizes=\"(max-width: 449px) 100vw, 449px\" \/><\/a><\/p>\n<p style=\"text-align: center;\">Fot. Wioletta Natka\u0144ska<\/p>\n<p>&nbsp;<\/p>\n<p><strong>Przystanek 6<\/strong><strong><\/strong><\/p>\n<p><strong>Rzeka Mienia i bocianie lotnisko<\/strong><\/p>\n<p><strong>\u00a0<\/strong><\/p>\n<p><strong>\u00a0\u00a0\u00a0\u00a0\u00a0\u00a0\u00a0\u00a0\u00a0\u00a0\u00a0 <\/strong>Mijaj\u0105c stawy dochodzimy po kilkuset metrach nad rzeczk\u0119 Mieni\u0119. Od jej nazwy \u00a0powsta\u0142a prawdopodobnie nazwa dawnej osady nad Srebrn\u0105 \u2013 Mensko (dzisiejszy Mi\u0144sk Mazowiecki.<\/p>\n<p>Za rzek\u0105 rozpo\u015bcieraj\u0105 si\u0119 \u0142\u0105ki ko\u015bne, cz\u0119sto cz\u0119\u015bciowo podmok\u0142e. Nic dziwnego, \u017ce ten upodoba\u0142y sobie bociany bia\u0142e. Zreszt\u0105 nie tylko one. Przechadzaj\u0105 si\u0119 t\u0119dy te\u017c \u017curawie, a czasem tak\u017ce czaple bia\u0142e.<\/p>\n<p>Wbrew pozorom \u017caby nie s\u0105 g\u0142\u00f3wnym pokarmem bo\u0107k\u00f3w. W zasadzie zjadane s\u0105 tylko z braku innego pokarmu czyli na przedwio\u015bniu gdy owady i gryzonie, kt\u00f3re g\u0142ownie znajduj\u0105 si\u0119 w bocianim menu s\u0105 jeszcze nieliczne.<\/p>\n<p>Z bocianami zwi\u0105zanych jest wiele ba\u015bni, przes\u0105d\u00f3w i wierze\u0144. A wmawianie dzieciom, \u017ce przynosz\u0105 je\u00a0 bociany ma swoje uzasadnienie. Dawniej m\u0142odzie\u017c na wsi ma\u0142o mia\u0142a okazji do spotka\u0144. Spotykano si\u0119 przy \u017cniwach, bo gospodarze zwykli sobie pomaga\u0107. Praca do wieczora, a cz\u0119sto nawet nocowanie w polu po 9 miesi\u0105cach \u2013 czyli w\u0142a\u015bnie wtedy gdy bociany wracaj\u0105, owocowa\u0142o niespodziewanym pojawieniem si\u0119 dzieci. Trzeba wi\u0119c to by\u0142o jako\u015b wyt\u0142umaczy\u0107.<\/p>\n<p>M\u00f3wi\u0105c o bocianach nale\u017cy zaznaczy\u0107, \u017ce niestety ludzie s\u0105 przyczyn\u0105 wielu nieszcz\u0119\u015b\u0107 tych ptak\u00f3w. Ogromn\u0105 krzywd\u0119 wyrz\u0105dzi\u0107 mog\u0105 ptakom sznurki od snopowi\u0105za\u0142ek zostawiane przez rolnik\u00f3w na polach. Przynoszone do gniazd przez doros\u0142e ptaki opl\u0105tuj\u0105 nogi piskl\u0105t powoduj\u0105c martwic\u0119 cz\u0119\u015bci ko\u0144czyny. Taki ptak skazany jest na powoln\u0105 \u015bmier\u0107. Dlatego te\u017c je\u015bli kto\u015b znajdzie na \u0142\u0105ce takie sznurek najlepiej niech schowa go do kieszeni. Mo\u017ce uratuje dzi\u0119ki temu jakiego\u015b bo\u0107ka.<\/p>\n<p><a href=\"http:\/\/kurierskruda.pl\/wp-content\/uploads\/2012\/03\/2.jpg\"><img loading=\"lazy\" decoding=\"async\" class=\"size-large wp-image-4679 aligncenter\" title=\"2\" src=\"http:\/\/kurierskruda.pl\/wp-content\/uploads\/2012\/03\/2-600x450.jpg\" alt=\"\" width=\"600\" height=\"450\" srcset=\"http:\/\/kurierskruda.pl\/wp-content\/uploads\/2012\/03\/2-600x450.jpg 600w, http:\/\/kurierskruda.pl\/wp-content\/uploads\/2012\/03\/2-155x116.jpg 155w, http:\/\/kurierskruda.pl\/wp-content\/uploads\/2012\/03\/2-300x225.jpg 300w, http:\/\/kurierskruda.pl\/wp-content\/uploads\/2012\/03\/2-100x75.jpg 100w, http:\/\/kurierskruda.pl\/wp-content\/uploads\/2012\/03\/2-50x37.jpg 50w, http:\/\/kurierskruda.pl\/wp-content\/uploads\/2012\/03\/2-266x200.jpg 266w\" sizes=\"(max-width: 600px) 100vw, 600px\" \/><\/a><\/p>\n<p style=\"text-align: center;\">Fot. Wioletta Natka\u0144ska<\/p>\n<p>&nbsp;<\/p>\n<p><a href=\"http:\/\/kurierskruda.pl\/wp-content\/uploads\/2012\/03\/3.jpg\"><img loading=\"lazy\" decoding=\"async\" class=\"size-large wp-image-4680 aligncenter\" title=\"3\" src=\"http:\/\/kurierskruda.pl\/wp-content\/uploads\/2012\/03\/3-600x459.jpg\" alt=\"\" width=\"600\" height=\"459\" srcset=\"http:\/\/kurierskruda.pl\/wp-content\/uploads\/2012\/03\/3-600x459.jpg 600w, http:\/\/kurierskruda.pl\/wp-content\/uploads\/2012\/03\/3-155x118.jpg 155w, http:\/\/kurierskruda.pl\/wp-content\/uploads\/2012\/03\/3-300x229.jpg 300w, http:\/\/kurierskruda.pl\/wp-content\/uploads\/2012\/03\/3-100x76.jpg 100w, http:\/\/kurierskruda.pl\/wp-content\/uploads\/2012\/03\/3-50x38.jpg 50w, http:\/\/kurierskruda.pl\/wp-content\/uploads\/2012\/03\/3-261x200.jpg 261w\" sizes=\"(max-width: 600px) 100vw, 600px\" \/><\/a><\/p>\n<p>Fot. Wioletta Natka\u0144ska<\/p>\n<p>&nbsp;<\/p>\n<p>Kiedy\u015b, ju\u017c latem spotka\u0142am na tych \u0142\u0105kach bociani sejmik. Ptak\u00f3w by\u0142a ponad setka. Widok niesamowity, kt\u00f3ry a\u017c si\u0119 prosi o zdj\u0119cie. Ale jak to w takich sytuacjach bywa da\u0142a o sobie zna\u0107 z\u0142o\u015bliwo\u015b\u0107 przedmiot\u00f3w martwych \u2013 baterie w aparacie dokona\u0142y swego \u017cywota i po bocianim zlocie zosta\u0142o tylko wspomnienie\u2026<\/p>\n<p><strong>\u00a0<\/strong><\/p>\n<p><strong>Przystanek 7:<\/strong><strong><\/strong><\/p>\n<p><strong>Czajki\u00a0 <\/strong><\/p>\n<p>W drodze powrotnej, na podmok\u0142ych \u0142\u0105kach i w\u015br\u00f3d wilgotnych, zaoranych p\u00f3l spotykamy czajk\u0119, kt\u00f3ra tokuje w\u015br\u00f3d teren\u00f3w l\u0119gowych wykonuj\u0105c niesamowite ewolucje. Nag\u0142e zwroty, fiko\u0142ki i furkotanie skrzyde\u0142 robi\u0105 wra\u017cenie zar\u00f3wno na samicach czajki, jak i wi\u0119kszo\u015bci drapie\u017cnik\u00f3w. W przypadku czajki trudno m\u00f3wi\u0107 o \u015bpiewie. J\u0119kliwe zawo\u0142ania wydawane przede wszystkim w trakcie lotu nabieraj\u0105 animuszu w trakcie efektownych lot\u00f3w tokowych.<\/p>\n<p>Czajka jest wielko\u015bci go\u0142\u0119bia. Zielono mieni\u0105ce si\u0119 upierzenie i czub s\u0105 jej znakiem rozpoznawczym. Jest kolejnym symbolem nadchodz\u0105cej wiosny, gdy\u017c przylatuje do kraju jako jeden z pierwszych gatunk\u00f3w ptak\u00f3w. R\u00f3wnie\u017c jako pierwszy zaczyna od nas odlatywa\u0107, gdy\u017c rozpoczyna swoj\u0105 w\u0119dr\u00f3wk\u0119 ju\u017c w czerwcu.<\/p>\n<p align=\"right\">Wioletta Natka\u0144ska<\/p>\n<div><br clear=\"all\" \/><\/p>\n<hr align=\"left\" size=\"1\" width=\"33%\" \/>\n<div>\n<p><a title=\"\" href=\"#_ftnref1\">[1]<\/a> Andrzej G. Kruszewicz, Ptaki Polski, Warszawa 2005,2008, MULTICO O.W, Tom I<\/p>\n<\/div>\n<div>\n<p><a title=\"\" href=\"#_ftnref2\">[2]<\/a> http:\/\/zaba-wodna.zwierzeta.ekologia.pl\/<\/p>\n<\/div>\n<\/div>\n","protected":false},"excerpt":{"rendered":"<p>\u015acie\u017cka przyrodnicza \u2013 W poszukiwaniu wiosennego przebudzenia \u00a0 \u00a0 Wiosna &#8211; jej nastanie i koniec wyznaczaj\u0105 dwa zjawiska przyrodnicze. Pierwszym jest zr\u00f3wnanie dnia z noc\u0105, co ma miejsce 21 marca, natomiast drugie &#8211; to najkr\u00f3tsza noc w roku z 21 na 22 czerwca. Ostatnim dniem wiosny jest 24 czerwiec. W&#8230;<\/p>\n","protected":false},"author":2,"featured_media":4694,"comment_status":"open","ping_status":"closed","sticky":false,"template":"","format":"standard","meta":{"footnotes":""},"categories":[106],"tags":[949,80,7,942,944,946,941,943,136,947,935,945,950,948],"class_list":["post-4656","post","type-post","status-publish","format-standard","has-post-thumbnail","hentry","category-rozrywka","tag-bocian","tag-cisie","tag-halinow","tag-pttk","tag-rower","tag-rudzik","tag-sciezka-przyrodnicza","tag-spacer","tag-swobodna-przestrzen","tag-szpak","tag-weekend","tag-wioletta-natkanska","tag-zaba","tag-zuraw"],"aioseo_notices":[],"_links":{"self":[{"href":"http:\/\/kurierskruda.pl\/index.php\/wp-json\/wp\/v2\/posts\/4656"}],"collection":[{"href":"http:\/\/kurierskruda.pl\/index.php\/wp-json\/wp\/v2\/posts"}],"about":[{"href":"http:\/\/kurierskruda.pl\/index.php\/wp-json\/wp\/v2\/types\/post"}],"author":[{"embeddable":true,"href":"http:\/\/kurierskruda.pl\/index.php\/wp-json\/wp\/v2\/users\/2"}],"replies":[{"embeddable":true,"href":"http:\/\/kurierskruda.pl\/index.php\/wp-json\/wp\/v2\/comments?post=4656"}],"version-history":[{"count":14,"href":"http:\/\/kurierskruda.pl\/index.php\/wp-json\/wp\/v2\/posts\/4656\/revisions"}],"predecessor-version":[{"id":4693,"href":"http:\/\/kurierskruda.pl\/index.php\/wp-json\/wp\/v2\/posts\/4656\/revisions\/4693"}],"wp:featuredmedia":[{"embeddable":true,"href":"http:\/\/kurierskruda.pl\/index.php\/wp-json\/wp\/v2\/media\/4694"}],"wp:attachment":[{"href":"http:\/\/kurierskruda.pl\/index.php\/wp-json\/wp\/v2\/media?parent=4656"}],"wp:term":[{"taxonomy":"category","embeddable":true,"href":"http:\/\/kurierskruda.pl\/index.php\/wp-json\/wp\/v2\/categories?post=4656"},{"taxonomy":"post_tag","embeddable":true,"href":"http:\/\/kurierskruda.pl\/index.php\/wp-json\/wp\/v2\/tags?post=4656"}],"curies":[{"name":"wp","href":"https:\/\/api.w.org\/{rel}","templated":true}]}}