{"id":46,"date":"2010-09-05T21:34:23","date_gmt":"2010-09-05T19:34:23","guid":{"rendered":"http:\/\/kurierskruda.pl\/?p=46"},"modified":"2010-09-09T19:18:43","modified_gmt":"2010-09-09T17:18:43","slug":"swieto-niepodleglosci-11-listopada-2009","status":"publish","type":"post","link":"http:\/\/kurierskruda.pl\/index.php\/swieto-niepodleglosci-11-listopada-2009\/historia-regionu","title":{"rendered":"\u015aWI\u0118TO NIEPODLEG\u0141O\u015aCI &#8211; 11 listopada 2009"},"content":{"rendered":"<p><strong>[singlepic id=10 w=150 h=120 float=left]8 listopada\u00a02009<\/strong> roku odby\u0142a si\u0119 \u00a0kolejna impreza rodzinna w <strong>centrum Swobodna Przestrze\u0144 <\/strong>w Cisiu.\u00a0Militarny Piknik Rodzinny z okazji Dnia Niepodleg\u0142o\u015bci by\u0142 doskona\u0142\u0105 okazj\u0105 do spotkania mieszka\u0144c\u00f3w\u00a0nietylko \u00a0gminy Halin\u00f3w.\u00a0\u00a0Program Pikniku\u00a0by\u0142 niezwykle ciekawy.\u00a0 Reporta\u017c fotograficzny na stronach centrum Swobodna Przestrze\u0144: <a href=\"http:\/\/www.galeria.swobodnaprzestrzen.pl\/\">http:\/\/www.galeria.swobodnaprzestrzen.pl\/<\/a><!--more--><\/p>\n<p><strong>Turniej tenisowy<\/strong> o puchar Prezesa Banku Sp\u00f3\u0142dzielczego w Halinowie.<strong><strong>[singlepic id=11 w=150 h=120 float=left]<\/strong><\/strong><\/p>\n<p><strong>[singlepic id=14 w=150 h=120 float=left]<\/strong><strong>Wystawa\u00a0sprz\u0119tu wojskowego<\/strong> prezentuj\u0105ca\u00a0bro\u0144 strzeleck\u0105 i maszynow\u0105 a tak\u017ce pe\u0142ne wyposa\u017cenie wojskowe tj. umundurowanie \u017co\u0142nierzy, stanowisko z wyposa\u017ceniem medycznym, sprz\u0119tem \u0142\u0105czno\u015bci a tak\u017ce prototyp strzelnicy wojskowej z replikami broni drugowojennej i nowoczesnej. Pokaz nobliwych samochod\u00f3w wojskowych, mo\u017adzierzy oraz przeja\u017cd\u017cka czo\u0142giem i wybranymi pojazdami wojskowymi by\u0142y nie lada atrakcj\u0105 dla mi\u0142o\u015bnik\u00f3w militari\u00f3w jak r\u00f3wnie\u017c dla najm\u0142odszych.<\/p>\n<p><strong><strong>[singlepic id=12 w=150 h=120 float=left]<\/strong>Herbata dla Weterana <\/strong>&#8211; spotkanie przy\u00a0kominku z ciep\u0142\u0105 herbat\u0105 i s\u0142odko\u015bciach w tutejszej Pause Cafe\u00a0zgromadzi\u0142o du\u017c\u0105\u00a0liczb\u0119 \u00a0okolicznych mieszka\u0144c\u00f3w, senior\u00f3w oraz weteran\u00f3w wojennych z naszych okolic.\u00a0By\u0142o to mile sp\u0119dzone popo\u0142udnie, kt\u00f3re\u00a0zainspirowa\u0142o zebranych do\u00a0podzielenia si\u0119 patriotycznymi wspomnieniami, przybli\u017ceniem historii\u00a0naszych okolic\u00a0, a tak\u017ce do \u015bpiew\u00f3w patriotycznych \u00a0przy akompaniamencie akordeonisty Pana Tomasza Nowaka.\u00a0Spotkanie prowadzi\u0142 Pan<strong> Andrzej Konowrocki<\/strong> [singlepic id=15 w=150 h=120 float=left]przyjaciel centrum Swobodna Przestrze\u0144 i okolic.<\/p>\n","protected":false},"excerpt":{"rendered":"<p>[singlepic id=10 w=150 h=120 float=left]8 listopada\u00a02009 roku odby\u0142a si\u0119 \u00a0kolejna impreza rodzinna w centrum Swobodna Przestrze\u0144 w Cisiu.\u00a0Militarny Piknik Rodzinny z okazji Dnia Niepodleg\u0142o\u015bci by\u0142 doskona\u0142\u0105 okazj\u0105 do spotkania mieszka\u0144c\u00f3w\u00a0nietylko \u00a0gminy Halin\u00f3w.\u00a0\u00a0Program Pikniku\u00a0by\u0142 niezwykle ciekawy.\u00a0 Reporta\u017c fotograficzny na stronach centrum Swobodna Przestrze\u0144: http:\/\/www.galeria.swobodnaprzestrzen.pl\/<\/p>\n","protected":false},"author":2,"featured_media":6406,"comment_status":"open","ping_status":"closed","sticky":false,"template":"","format":"standard","meta":{"footnotes":""},"categories":[12,4],"tags":[],"class_list":["post-46","post","type-post","status-publish","format-standard","has-post-thumbnail","hentry","category-swobodna","category-historia-regionu"],"aioseo_notices":[],"_links":{"self":[{"href":"http:\/\/kurierskruda.pl\/index.php\/wp-json\/wp\/v2\/posts\/46"}],"collection":[{"href":"http:\/\/kurierskruda.pl\/index.php\/wp-json\/wp\/v2\/posts"}],"about":[{"href":"http:\/\/kurierskruda.pl\/index.php\/wp-json\/wp\/v2\/types\/post"}],"author":[{"embeddable":true,"href":"http:\/\/kurierskruda.pl\/index.php\/wp-json\/wp\/v2\/users\/2"}],"replies":[{"embeddable":true,"href":"http:\/\/kurierskruda.pl\/index.php\/wp-json\/wp\/v2\/comments?post=46"}],"version-history":[{"count":35,"href":"http:\/\/kurierskruda.pl\/index.php\/wp-json\/wp\/v2\/posts\/46\/revisions"}],"predecessor-version":[{"id":6405,"href":"http:\/\/kurierskruda.pl\/index.php\/wp-json\/wp\/v2\/posts\/46\/revisions\/6405"}],"wp:featuredmedia":[{"embeddable":true,"href":"http:\/\/kurierskruda.pl\/index.php\/wp-json\/wp\/v2\/media\/6406"}],"wp:attachment":[{"href":"http:\/\/kurierskruda.pl\/index.php\/wp-json\/wp\/v2\/media?parent=46"}],"wp:term":[{"taxonomy":"category","embeddable":true,"href":"http:\/\/kurierskruda.pl\/index.php\/wp-json\/wp\/v2\/categories?post=46"},{"taxonomy":"post_tag","embeddable":true,"href":"http:\/\/kurierskruda.pl\/index.php\/wp-json\/wp\/v2\/tags?post=46"}],"curies":[{"name":"wp","href":"https:\/\/api.w.org\/{rel}","templated":true}]}}