{"id":4283,"date":"2012-01-28T12:44:17","date_gmt":"2012-01-28T11:44:17","guid":{"rendered":"http:\/\/kurierskruda.pl\/?p=4283"},"modified":"2012-01-28T12:45:51","modified_gmt":"2012-01-28T11:45:51","slug":"koncert-anny-szulim","status":"publish","type":"post","link":"http:\/\/kurierskruda.pl\/index.php\/koncert-anny-szulim\/swobodna","title":{"rendered":"Koncert Anny Szulim"},"content":{"rendered":"<p style=\"text-align: center;\">Wielu osobom <strong>Anny Szulim<\/strong> nie trzeba przedstawia\u0107. M\u0142oda, pi\u0119kna, utalentowana mieszkanka Halinowa ju\u017c 12 lutego za\u015bpiewa dla Swobodnej Przestrzeni.<\/p>\n<p style=\"text-align: center;\">Zapraszamy ka\u017cdego spragnionego rozrywki na najwy\u017cszym poziomie.<\/p>\n<p style=\"text-align: center;\">Idealny pomys\u0142 na sp\u0119dzenie niedzielnego popo\u0142udnia z rodzin\u0105, lub znajomymi.<\/p>\n<p style=\"text-align: center;\"><strong>Wst\u0119p wolny!<\/strong><\/p>\n<p style=\"text-align: center;\">\n<a href=\"http:\/\/kurierskruda.pl\/wp-content\/uploads\/2012\/01\/Anna-Szulim-12022012.jpg\"><img loading=\"lazy\" decoding=\"async\" class=\"aligncenter size-large wp-image-4284\" title=\"Anna Szulim 12022012\" src=\"http:\/\/kurierskruda.pl\/wp-content\/uploads\/2012\/01\/Anna-Szulim-12022012-424x600.jpg\" alt=\"\" width=\"424\" height=\"600\" srcset=\"http:\/\/kurierskruda.pl\/wp-content\/uploads\/2012\/01\/Anna-Szulim-12022012-424x600.jpg 424w, http:\/\/kurierskruda.pl\/wp-content\/uploads\/2012\/01\/Anna-Szulim-12022012-109x155.jpg 109w, http:\/\/kurierskruda.pl\/wp-content\/uploads\/2012\/01\/Anna-Szulim-12022012-212x300.jpg 212w, http:\/\/kurierskruda.pl\/wp-content\/uploads\/2012\/01\/Anna-Szulim-12022012-70x100.jpg 70w, http:\/\/kurierskruda.pl\/wp-content\/uploads\/2012\/01\/Anna-Szulim-12022012-35x50.jpg 35w, http:\/\/kurierskruda.pl\/wp-content\/uploads\/2012\/01\/Anna-Szulim-12022012-141x200.jpg 141w\" sizes=\"(max-width: 424px) 100vw, 424px\" \/><\/a><\/p>\n<p style=\"text-align: center;\">\n","protected":false},"excerpt":{"rendered":"<p>Wielu osobom Anny Szulim nie trzeba przedstawia\u0107. M\u0142oda, pi\u0119kna, utalentowana mieszkanka Halinowa ju\u017c 12 lutego za\u015bpiewa dla Swobodnej Przestrzeni. Zapraszamy ka\u017cdego spragnionego rozrywki na najwy\u017cszym poziomie. Idealny pomys\u0142 na sp\u0119dzenie niedzielnego popo\u0142udnia z rodzin\u0105, lub znajomymi. Wst\u0119p wolny!<\/p>\n","protected":false},"author":2,"featured_media":4285,"comment_status":"open","ping_status":"closed","sticky":false,"template":"","format":"standard","meta":{"footnotes":""},"categories":[12,492],"tags":[525,80,900,7,284,95,901,902],"class_list":["post-4283","post","type-post","status-publish","format-standard","has-post-thumbnail","hentry","category-swobodna","category-newscsp","tag-anna-szulim","tag-cisie","tag-coldplay","tag-halinow","tag-koncert","tag-sulejowek","tag-the-corrs","tag-wieczor"],"aioseo_notices":[],"_links":{"self":[{"href":"http:\/\/kurierskruda.pl\/index.php\/wp-json\/wp\/v2\/posts\/4283"}],"collection":[{"href":"http:\/\/kurierskruda.pl\/index.php\/wp-json\/wp\/v2\/posts"}],"about":[{"href":"http:\/\/kurierskruda.pl\/index.php\/wp-json\/wp\/v2\/types\/post"}],"author":[{"embeddable":true,"href":"http:\/\/kurierskruda.pl\/index.php\/wp-json\/wp\/v2\/users\/2"}],"replies":[{"embeddable":true,"href":"http:\/\/kurierskruda.pl\/index.php\/wp-json\/wp\/v2\/comments?post=4283"}],"version-history":[{"count":4,"href":"http:\/\/kurierskruda.pl\/index.php\/wp-json\/wp\/v2\/posts\/4283\/revisions"}],"predecessor-version":[{"id":4289,"href":"http:\/\/kurierskruda.pl\/index.php\/wp-json\/wp\/v2\/posts\/4283\/revisions\/4289"}],"wp:featuredmedia":[{"embeddable":true,"href":"http:\/\/kurierskruda.pl\/index.php\/wp-json\/wp\/v2\/media\/4285"}],"wp:attachment":[{"href":"http:\/\/kurierskruda.pl\/index.php\/wp-json\/wp\/v2\/media?parent=4283"}],"wp:term":[{"taxonomy":"category","embeddable":true,"href":"http:\/\/kurierskruda.pl\/index.php\/wp-json\/wp\/v2\/categories?post=4283"},{"taxonomy":"post_tag","embeddable":true,"href":"http:\/\/kurierskruda.pl\/index.php\/wp-json\/wp\/v2\/tags?post=4283"}],"curies":[{"name":"wp","href":"https:\/\/api.w.org\/{rel}","templated":true}]}}