{"id":4197,"date":"2011-12-17T13:47:02","date_gmt":"2011-12-17T12:47:02","guid":{"rendered":"http:\/\/kurierskruda.pl\/?p=4197"},"modified":"2012-01-17T13:54:37","modified_gmt":"2012-01-17T12:54:37","slug":"90-lat-szkoly-w-halinowie-1921-2011","status":"publish","type":"post","link":"http:\/\/kurierskruda.pl\/index.php\/90-lat-szkoly-w-halinowie-1921-2011\/publikacje","title":{"rendered":"90 lat szko\u0142y w Halinowie 1921-2011"},"content":{"rendered":"<p>Publikacja okoliczno\u015bciowa opowiadaj\u0105ca histori\u0119 Szko\u0142y w Halinowie na podstawie relacji najstarszych absolwent\u00f3w, wielu zdj\u0119\u0107 czy archiwalnych dokument\u00f3w. Pi\u0119knie wydana\u00a0 &#8211; stylizowana na stary, po\u017c\u00f3\u0142k\u0142y zeszyt uczniowski z pozaginanymi rogami.<\/p>\n<p>Drugie ju\u017c dzie\u0142o Pa\u0144 <strong>Ewy Dziumak<\/strong>, <strong>Marii Raciborskiej<\/strong> oraz Pana <strong>Krzysztofa Zalewskiego<\/strong> cieszy si\u0119 tak samo ogromnym zainteresowaniem jak pierwsze &#8211; album &#8222;Halin\u00f3w, dawniej Skruda&#8221;. I cho\u0107 nie \u0142atwo ju\u017c dzi\u015b o zdobycie egzemplarza na w\u0142asno\u015b\u0107 to gor\u0105co polecamy si\u0119gni\u0119cie do tego tytu\u0142u. Niejeden mieszkaniec Halinowa odnajdzie w nim zdj\u0119cia swoje, swoich znajomych oraz cz\u0142onk\u00f3w rodzin. Absolwenci Gimnazjum w Halinowie z sentymentem na pewno zajrz\u0105 do odtworzonych list swoich dawnych klas!<\/p>\n<p>&nbsp;<\/p>\n","protected":false},"excerpt":{"rendered":"<p>Publikacja okoliczno\u015bciowa opowiadaj\u0105ca histori\u0119 Szko\u0142y w Halinowie na podstawie relacji najstarszych absolwent\u00f3w, wielu zdj\u0119\u0107 czy archiwalnych dokument\u00f3w. Pi\u0119knie wydana\u00a0 &#8211; stylizowana na stary, po\u017c\u00f3\u0142k\u0142y zeszyt uczniowski z pozaginanymi rogami. Drugie ju\u017c dzie\u0142o Pa\u0144 Ewy Dziumak, Marii Raciborskiej oraz Pana Krzysztofa Zalewskiego cieszy si\u0119 tak samo ogromnym zainteresowaniem jak pierwsze &#8211;&#8230;<\/p>\n","protected":false},"author":2,"featured_media":4198,"comment_status":"open","ping_status":"closed","sticky":false,"template":"","format":"standard","meta":{"footnotes":""},"categories":[10],"tags":[710,15,7,18,17,16,873,874],"class_list":["post-4197","post","type-post","status-publish","format-standard","has-post-thumbnail","hentry","category-publikacje","tag-90-lat-szkoly-w-halinowie","tag-ewa-dziumak","tag-halinow","tag-historia","tag-krzysztof-zalewski","tag-maria-raciborska","tag-szkola","tag-zdjecia"],"aioseo_notices":[],"_links":{"self":[{"href":"http:\/\/kurierskruda.pl\/index.php\/wp-json\/wp\/v2\/posts\/4197"}],"collection":[{"href":"http:\/\/kurierskruda.pl\/index.php\/wp-json\/wp\/v2\/posts"}],"about":[{"href":"http:\/\/kurierskruda.pl\/index.php\/wp-json\/wp\/v2\/types\/post"}],"author":[{"embeddable":true,"href":"http:\/\/kurierskruda.pl\/index.php\/wp-json\/wp\/v2\/users\/2"}],"replies":[{"embeddable":true,"href":"http:\/\/kurierskruda.pl\/index.php\/wp-json\/wp\/v2\/comments?post=4197"}],"version-history":[{"count":6,"href":"http:\/\/kurierskruda.pl\/index.php\/wp-json\/wp\/v2\/posts\/4197\/revisions"}],"predecessor-version":[{"id":4201,"href":"http:\/\/kurierskruda.pl\/index.php\/wp-json\/wp\/v2\/posts\/4197\/revisions\/4201"}],"wp:featuredmedia":[{"embeddable":true,"href":"http:\/\/kurierskruda.pl\/index.php\/wp-json\/wp\/v2\/media\/4198"}],"wp:attachment":[{"href":"http:\/\/kurierskruda.pl\/index.php\/wp-json\/wp\/v2\/media?parent=4197"}],"wp:term":[{"taxonomy":"category","embeddable":true,"href":"http:\/\/kurierskruda.pl\/index.php\/wp-json\/wp\/v2\/categories?post=4197"},{"taxonomy":"post_tag","embeddable":true,"href":"http:\/\/kurierskruda.pl\/index.php\/wp-json\/wp\/v2\/tags?post=4197"}],"curies":[{"name":"wp","href":"https:\/\/api.w.org\/{rel}","templated":true}]}}