{"id":3042,"date":"2011-05-31T23:18:18","date_gmt":"2011-05-31T21:18:18","guid":{"rendered":"http:\/\/kurierskruda.pl\/?p=3042"},"modified":"2011-05-31T23:19:09","modified_gmt":"2011-05-31T21:19:09","slug":"rodzinny-piknik-w-cisiu","status":"publish","type":"post","link":"http:\/\/kurierskruda.pl\/index.php\/rodzinny-piknik-w-cisiu\/informacje","title":{"rendered":"Rodzinny Piknik w Cisiu"},"content":{"rendered":"<p><strong>W niedziel\u0119<\/strong> <strong>29 maja na terenie Szko\u0142y Podstawowej w Cisiu odby\u0142 si\u0119 Piknik Rodzinny z okazji\u00a0 Dnia Mamy, Taty i Dziecka pod has\u0142em \u201eZDROWY\u00a0 STYL \u017bYCIA\u201d. <\/strong><\/p>\n<p>Piknik o charakterze integracyjnym zorganizowali nauczyciele i rodzice dzieci ze szko\u0142y w Cisiu. Frekwencja dopisa\u0142a.<br \/>\nPrzybyli uczniowie z rodzicami, m\u0142odszym i starszym rodze\u0144stwem, babciami i dziadkami. Dobrej zabawie sprzyja\u0142a pi\u0119kna majowa pogoda. Organizatorzy \u00a0przygotowali liczne atrakcje. Ka\u017cdy m\u00f3g\u0142 znale\u017a\u0107 co\u015b dla siebie. Mo\u017cna by\u0142o podziwia\u0107 tw\u00f3rczo\u015b\u0107 artystyczn\u0105 maluch\u00f3w z przedszkola \u201eIskierka\u201d oraz uczni\u00f3w poszczeg\u00f3lnych klas szko\u0142y podstawowej. Pe\u0142ne r\u0119ce<br \/>\npracy mia\u0142y panie maluj\u0105ce twarze. By\u0142y r\u00f3wnie\u017c konkurencje sportowe, najpierw na nowym boisku rozegrano mecze mi\u0119dzyklasowe, a nast\u0119pnie swoje umiej\u0119tno\u015bci zaprezentowa\u0142a grupa karatek\u00f3w ze szko\u0142y w Cisiu. Niezwyk\u0142e\u00a0 emocje<br \/>\nwywo\u0142a\u0142 mecz pomi\u0119dzy stra\u017cakami \u00a0z OSP w Cisiu a rodzicami. Stra\u017cacy juniorzy zaprezentowali swoje umiej\u0119tno\u015bci<br \/>\nstra\u017cackie gasz\u0105c upozorowany po\u017car. Du\u017cym zainteresowaniem cieszy\u0142 si\u0119 pokazy skakania na dw\u00f3ch skakankach prezentowane przez \u201eD\u017campers\u00f3w\u201d \u2013 grup\u0119 m\u0142odzie\u017cy z Cisia i okolic. Nie zabrak\u0142o r\u00f3wnie\u017c motocyklist\u00f3w Bad7 z<br \/>\nKlubu z Desna, kt\u00f3rzy organizowali przeja\u017cd\u017cki dla dzieci. Kto nie zdecydowa\u0142 si\u0119 na jazd\u0119 z motocyklistami m\u00f3g\u0142 skorzysta\u0107 z przeja\u017cd\u017cki na kucyku. Odby\u0142a si\u0119 tak\u017ce licytacja plakat\u00f3w z podpisem goszcz\u0105cego kilka tygodni temu w Halinowie si\u0142acza Mariusza Pudzianowskiego. Du\u017cym zainteresowaniem cieszy\u0142a si\u0119 loteria fantowa, w kt\u00f3rej mo\u017cna by\u0142o wygra\u0107 wspania\u0142e nagrody \u00a0np. MP3 oraz PenDrive. W trakcie imprezy kobiety w wieku 50-69 lat mog\u0142y skorzysta\u0107 z bezp\u0142atnych bada\u0144 mammograficznych, dla m\u0142odszych i starszych pa\u0144 badanie cz\u0119\u015bciowo zosta\u0142y dofinansowane przez Burmistrza Miasta<br \/>\nHalinowa.<\/p>\n<p>Rodzice serwowali smako\u0142yki z grilla, ciasta i\u00a0 gofry. Fundusze pozyskane na Pikniku zostan\u0105 przeznaczone na potrzeby szko\u0142y w Cisiu.<\/p>\n<p>Nad ca\u0142o\u015bci\u0105 imprezy czuwa\u0142a Dyrektor Szko\u0142y Podstawowej w Cisiu pani Renata Sknadaj, kt\u00f3ra \u00a0podzi\u0119kowa\u0142a serdecznie wszystkim za pomoc w organizacji Pikniku.<\/p>\n<p>Ca\u0142a ta wielce wspania\u0142a i atrakcyjna impreza mog\u0142a odby\u0107 si\u0119 dzi\u0119ki zaanga\u017cowaniu Rodzic\u00f3w i hojno\u015bci Sponsor\u00f3w,<br \/>\nkt\u00f3rymi byli: Burmistrz Miasta Halin\u00f3w Pan Adam Ciszkowski, Gminne Centrum Informacji w Halinowie, Ochotnicza Stra\u017c Po\u017carna w Cisiu, Sklep \u201eU Wieczorka\u201d &#8211; D\u0119be Wielkie, Piekarnia MEGMA, Sklep \u201eMa\u0142gosia\u201d w Cisiu.<\/p>\n<p><strong>Opracowanie: Gminne Centrum Informacji w Halinowie<\/strong><\/p>\n<p><strong>[nggallery id=54]<\/strong><\/p>\n","protected":false},"excerpt":{"rendered":"<p>W niedziel\u0119 29 maja na terenie Szko\u0142y Podstawowej w Cisiu odby\u0142 si\u0119 Piknik Rodzinny z okazji\u00a0 Dnia Mamy, Taty i Dziecka pod has\u0142em \u201eZDROWY\u00a0 STYL \u017bYCIA\u201d. Piknik o charakterze integracyjnym zorganizowali nauczyciele i rodzice dzieci ze szko\u0142y w Cisiu. Frekwencja dopisa\u0142a. Przybyli uczniowie z rodzicami, m\u0142odszym i starszym rodze\u0144stwem, babciami&#8230;<\/p>\n","protected":false},"author":2,"featured_media":3043,"comment_status":"open","ping_status":"closed","sticky":false,"template":"","format":"standard","meta":{"footnotes":""},"categories":[5],"tags":[],"class_list":["post-3042","post","type-post","status-publish","format-standard","has-post-thumbnail","hentry","category-informacje"],"aioseo_notices":[],"_links":{"self":[{"href":"http:\/\/kurierskruda.pl\/index.php\/wp-json\/wp\/v2\/posts\/3042"}],"collection":[{"href":"http:\/\/kurierskruda.pl\/index.php\/wp-json\/wp\/v2\/posts"}],"about":[{"href":"http:\/\/kurierskruda.pl\/index.php\/wp-json\/wp\/v2\/types\/post"}],"author":[{"embeddable":true,"href":"http:\/\/kurierskruda.pl\/index.php\/wp-json\/wp\/v2\/users\/2"}],"replies":[{"embeddable":true,"href":"http:\/\/kurierskruda.pl\/index.php\/wp-json\/wp\/v2\/comments?post=3042"}],"version-history":[{"count":3,"href":"http:\/\/kurierskruda.pl\/index.php\/wp-json\/wp\/v2\/posts\/3042\/revisions"}],"predecessor-version":[{"id":3046,"href":"http:\/\/kurierskruda.pl\/index.php\/wp-json\/wp\/v2\/posts\/3042\/revisions\/3046"}],"wp:featuredmedia":[{"embeddable":true,"href":"http:\/\/kurierskruda.pl\/index.php\/wp-json\/wp\/v2\/media\/3043"}],"wp:attachment":[{"href":"http:\/\/kurierskruda.pl\/index.php\/wp-json\/wp\/v2\/media?parent=3042"}],"wp:term":[{"taxonomy":"category","embeddable":true,"href":"http:\/\/kurierskruda.pl\/index.php\/wp-json\/wp\/v2\/categories?post=3042"},{"taxonomy":"post_tag","embeddable":true,"href":"http:\/\/kurierskruda.pl\/index.php\/wp-json\/wp\/v2\/tags?post=3042"}],"curies":[{"name":"wp","href":"https:\/\/api.w.org\/{rel}","templated":true}]}}