{"id":2290,"date":"2011-03-22T16:22:02","date_gmt":"2011-03-22T15:22:02","guid":{"rendered":"http:\/\/kurierskruda.pl\/?p=2290"},"modified":"2011-03-22T17:06:57","modified_gmt":"2011-03-22T16:06:57","slug":"karaoke-w-centrum-swobodna-przestrzen-25-marca-godz-2100","status":"publish","type":"post","link":"http:\/\/kurierskruda.pl\/index.php\/karaoke-w-centrum-swobodna-przestrzen-25-marca-godz-2100\/swobodna","title":{"rendered":"KARAOKE  w centrum Swobodna Przestrze\u0144 &#8211; 25 marca godz. 21:00"},"content":{"rendered":"<p>Tradycyjnie w ostatni pi\u0105tek miesi\u0105ca (25.03.2011) <strong>centrum Swobodna Przestrze\u0144 <\/strong>zaprasza na wiecz\u00f3r <strong>KARAOKE<\/strong>. Poniewa\u017c impreza zyskuje coraz wi\u0119ksz\u0105 liczbe fan\u00f3w, a na najbli\u017cszy pi\u0105tek zarezerwowano ju\u017c nie ma\u0142o stolik\u00f3w, ponownie b\u0119dziemy \u015bwiadkami ciekawych &#8221; interpretacji &#8221; wokalnych.\u00a0 Pi\u0105tek 25 marca 2011 &#8211; CSP &#8211; start godz. 21:00.<\/p>\n","protected":false},"excerpt":{"rendered":"<p>Tradycyjnie w ostatni pi\u0105tek miesi\u0105ca (25.03.2011) centrum Swobodna Przestrze\u0144 zaprasza na wiecz\u00f3r KARAOKE. Poniewa\u017c impreza zyskuje coraz wi\u0119ksz\u0105 liczbe fan\u00f3w, a na najbli\u017cszy pi\u0105tek zarezerwowano ju\u017c nie ma\u0142o stolik\u00f3w, ponownie b\u0119dziemy \u015bwiadkami ciekawych &#8221; interpretacji &#8221; wokalnych.\u00a0 Pi\u0105tek 25 marca 2011 &#8211; CSP &#8211; start godz. 21:00.<\/p>\n","protected":false},"author":2,"featured_media":2294,"comment_status":"open","ping_status":"closed","sticky":false,"template":"","format":"standard","meta":{"footnotes":""},"categories":[12,489,467],"tags":[225,504],"class_list":["post-2290","post","type-post","status-publish","format-standard","has-post-thumbnail","hentry","category-swobodna","category-rozrywkacsp","category-muzyka","tag-karaoke","tag-wieczor-karaoke"],"aioseo_notices":[],"_links":{"self":[{"href":"http:\/\/kurierskruda.pl\/index.php\/wp-json\/wp\/v2\/posts\/2290"}],"collection":[{"href":"http:\/\/kurierskruda.pl\/index.php\/wp-json\/wp\/v2\/posts"}],"about":[{"href":"http:\/\/kurierskruda.pl\/index.php\/wp-json\/wp\/v2\/types\/post"}],"author":[{"embeddable":true,"href":"http:\/\/kurierskruda.pl\/index.php\/wp-json\/wp\/v2\/users\/2"}],"replies":[{"embeddable":true,"href":"http:\/\/kurierskruda.pl\/index.php\/wp-json\/wp\/v2\/comments?post=2290"}],"version-history":[{"count":8,"href":"http:\/\/kurierskruda.pl\/index.php\/wp-json\/wp\/v2\/posts\/2290\/revisions"}],"predecessor-version":[{"id":2293,"href":"http:\/\/kurierskruda.pl\/index.php\/wp-json\/wp\/v2\/posts\/2290\/revisions\/2293"}],"wp:featuredmedia":[{"embeddable":true,"href":"http:\/\/kurierskruda.pl\/index.php\/wp-json\/wp\/v2\/media\/2294"}],"wp:attachment":[{"href":"http:\/\/kurierskruda.pl\/index.php\/wp-json\/wp\/v2\/media?parent=2290"}],"wp:term":[{"taxonomy":"category","embeddable":true,"href":"http:\/\/kurierskruda.pl\/index.php\/wp-json\/wp\/v2\/categories?post=2290"},{"taxonomy":"post_tag","embeddable":true,"href":"http:\/\/kurierskruda.pl\/index.php\/wp-json\/wp\/v2\/tags?post=2290"}],"curies":[{"name":"wp","href":"https:\/\/api.w.org\/{rel}","templated":true}]}}