{"id":1865,"date":"2011-02-28T23:54:08","date_gmt":"2011-02-28T22:54:08","guid":{"rendered":"http:\/\/kurierskruda.pl\/?p=1865"},"modified":"2011-03-04T21:00:45","modified_gmt":"2011-03-04T20:00:45","slug":"wyrazic-siebie-konkurs-dla-pan-z-okazji-dnia-kobiet","status":"publish","type":"post","link":"http:\/\/kurierskruda.pl\/index.php\/wyrazic-siebie-konkurs-dla-pan-z-okazji-dnia-kobiet\/rozrywka","title":{"rendered":"&#8222;Wyrazi\u0107 siebie&#8221; konkurs dla Pa\u0144 z okazji Dnia Kobiet"},"content":{"rendered":"<p>[singlepic id=411 w=320 h=240 float=left]<em>\u201eZ kobiet\u0105 nie ma \u017cart\u00f3w \u2013 w mi\u0142o\u015bci czy w gniewie<br \/>\nCo my\u015bli, nikt nie zgadnie; co zrobi, nikt nie wie.\u201d<br \/>\n<br \/>\nAleksander Fredro<\/em><\/br><br \/>\n<br \/>\nJu\u017c za klika dni \u015bwi\u0119towa\u0107 b\u0119dziemy <em>Dzie\u0144 Kobiet<\/em>. Z tej okazji Redakcja <em>Kurier Skruda<\/em>, og\u0142asza wyj\u0105tkowy konkurs pt. \u201e<em>Wyrazi\u0107 Siebie<\/em>\u201d.<\/br><br \/>\n<br \/>\nDo udzia\u0142u w konkursie zapraszamy wszystkie Panie.<\/br><!--more--><br \/>\n<br \/>\nKa\u017cda kobieta jest inna, a wi\u0119c technika wykonania pracy konkursowej jest dowolna i zale\u017cy tylko od Was. Mog\u0105 to by\u0107 np. zdj\u0119cia, obrazy, kola\u017ce, rze\u017aby, wycinanki, opowiadania, wiersze i inne r\u0119kodzie\u0142a Waszego autorstwa.<\/br><br \/>\n<br \/>\nA zatem drogie Panie, do dzie\u0142a.<\/br><br \/>\n<br \/>\nDo wygrania bardzo kobiece nagrody ufundowane przez:<\/br><br \/>\n<br \/>\n    * Centrum Swobodna Przestrze\u0144,<br \/>\n    * Klinik\u0119 Zdrowia i Urody Asajo-Med,<br \/>\n    * Salon Pi\u0119kno\u015bci Solarra &#038; Cafe  Beata Piaskowska,<br \/>\n    * Salon Pi\u0119kno\u015bci &#8222;Jola&#8221; Jolanta Barszcz,<br \/>\n    * Pracowni\u0119 Mamasue,<br \/>\n    * Ko\u0142o Gospody\u0144 Miejsko-Wiejskich \u201eGotowe na prawie wszystko\u201d.<br \/>\n<br \/>\nPrace mo\u017cna  przysy\u0142a\u0107 na adres mailowy: <strong>k.wos@kurierskruda.pl<\/strong> , <strong>dostarczy\u0107 osobi\u015bcie  lub wys\u0142a\u0107 poczt\u0105 na adres Redakcji: ul. Lazurowa 1, 05-074 Cisie<\/strong>.<\/br><br \/>\n<br \/>\nTermin sk\u0142adania prac mija <strong>7 marca o godzinie 12.00<\/strong>. W przypadku wys\u0142ania pracy poczt\u0105, decyduje data jej wp\u0142ywu do Redakcji.  Przes\u0142anie pracy do Konkursu oznacza automatyczn\u0105 zgod\u0119 na jej publikacj\u0119. Prace pozostaj\u0105 do dyspozycji Organizatora Konkursu. Uczestnicy Konkursu przenosz\u0105 na Organizatora  ca\u0142o\u015b\u0107 autorskich praw maj\u0105tkowych do zg\u0142oszonych prac konkursowych. Uczestnicy konkursu o\u015bwiadczaj\u0105, \u017ce zg\u0142oszona praca nie narusza praw os\u00f3b trzecich ani obowi\u0105zuj\u0105cych przepis\u00f3w prawa. Organizator Konkursu zastrzega sobie mo\u017cliwo\u015b\u0107 podawania do publicznej wiadomo\u015bci informacji o Laureatkach Konkursu. <br \/><strong>Wyniki Konkursu zostan\u0105 og\u0142oszone 8 marca 2011 r., na \u0142amach Kuriera Skruda<\/strong>.<\/br><\/p>\n","protected":false},"excerpt":{"rendered":"<p>[singlepic id=411 w=320 h=240 float=left]\u201eZ kobiet\u0105 nie ma \u017cart\u00f3w \u2013 w mi\u0142o\u015bci czy w gniewie Co my\u015bli, nikt nie zgadnie; co zrobi, nikt nie wie.\u201d Aleksander Fredro Ju\u017c za klika dni \u015bwi\u0119towa\u0107 b\u0119dziemy Dzie\u0144 Kobiet. Z tej okazji Redakcja Kurier Skruda, og\u0142asza wyj\u0105tkowy konkurs pt. \u201eWyrazi\u0107 Siebie\u201d. Do udzia\u0142u w&#8230;<\/p>\n","protected":false},"author":2,"featured_media":0,"comment_status":"open","ping_status":"closed","sticky":false,"template":"","format":"standard","meta":{"footnotes":""},"categories":[106],"tags":[135,86,463,466,253,465,464],"class_list":["post-1865","post","type-post","status-publish","format-standard","hentry","category-rozrywka","tag-asajo-med","tag-centrum-swobodna-przestrzen","tag-dzien-kobiet","tag-gotowe-na-prawie-wszystko","tag-konkurs","tag-pracownia-mamasue","tag-solarra"],"aioseo_notices":[],"_links":{"self":[{"href":"http:\/\/kurierskruda.pl\/index.php\/wp-json\/wp\/v2\/posts\/1865"}],"collection":[{"href":"http:\/\/kurierskruda.pl\/index.php\/wp-json\/wp\/v2\/posts"}],"about":[{"href":"http:\/\/kurierskruda.pl\/index.php\/wp-json\/wp\/v2\/types\/post"}],"author":[{"embeddable":true,"href":"http:\/\/kurierskruda.pl\/index.php\/wp-json\/wp\/v2\/users\/2"}],"replies":[{"embeddable":true,"href":"http:\/\/kurierskruda.pl\/index.php\/wp-json\/wp\/v2\/comments?post=1865"}],"version-history":[{"count":12,"href":"http:\/\/kurierskruda.pl\/index.php\/wp-json\/wp\/v2\/posts\/1865\/revisions"}],"predecessor-version":[{"id":1919,"href":"http:\/\/kurierskruda.pl\/index.php\/wp-json\/wp\/v2\/posts\/1865\/revisions\/1919"}],"wp:attachment":[{"href":"http:\/\/kurierskruda.pl\/index.php\/wp-json\/wp\/v2\/media?parent=1865"}],"wp:term":[{"taxonomy":"category","embeddable":true,"href":"http:\/\/kurierskruda.pl\/index.php\/wp-json\/wp\/v2\/categories?post=1865"},{"taxonomy":"post_tag","embeddable":true,"href":"http:\/\/kurierskruda.pl\/index.php\/wp-json\/wp\/v2\/tags?post=1865"}],"curies":[{"name":"wp","href":"https:\/\/api.w.org\/{rel}","templated":true}]}}