{"id":1714,"date":"2011-02-16T08:28:26","date_gmt":"2011-02-16T07:28:26","guid":{"rendered":"http:\/\/kurierskruda.pl\/?p=1714"},"modified":"2011-03-02T16:03:22","modified_gmt":"2011-03-02T15:03:22","slug":"1714","status":"publish","type":"post","link":"http:\/\/kurierskruda.pl\/index.php\/1714\/swobodna","title":{"rendered":"Alternatywny koncert w Swobodnej Przestrzeni!"},"content":{"rendered":"<p>[singlepic id=360 w=400 h=400 float=center]Witam mieszka\u0144c\u00f3w gminy Halin\u00f3w i nie tylko. Dnia 19 lutego(sobota) odb\u0119dzie si\u0119 koncert dw\u00f3ch undergroundowych zespo\u0142\u00f3w, kt\u00f3rzy grali ju\u017c w naszych rejonach jak i u naszych s\u0105siad\u00f3w (Sulej\u00f3wek\/Weso\u0142a\/Mi\u0144sk Mazowiecki) tym razem zawitaj\u0105 do Swobodnej Przestrzeni!<br \/>\nGodz. 19:00\u00a0 &#8211;\u00a0 <strong>Jack Input<\/strong> (alternatywa\/post-punk)<br \/>\nsk\u0142ad: Wokal: Magdalena Krawczak, Gitara: Piotr Strojnowski , Bas: Maciek Matuszewski, Perkusja: \u0141ukasz Kowalski<br \/>\n<a href=\"mhtml:{C089CC44-509F-42A4-8FA0-6CCB1977BA9A}mid:\/\/00000132\/!x-usc:http:\/\/www.myspace.com\/jackinputmusic\">http:\/\/www.myspace.com\/jackinputmusic<\/a><br \/>\nGodz. 20:00\u00a0 &#8211;\u00a0 <strong>The Bunglers<\/strong> (rock and roll\/soul\/rnb\/funk)<br \/>\nsk\u0142ad: Wokal: Tomasz Bukowski, Gitara: Kuba Ganczewski, Bas: Piotr Kowalski, Pianino: Dominik Myszkowski<br \/>\nHarmonijka: Mariusz Trzci\u0144ski, Perkusja: Emil Korporowicz<br \/>\n<a href=\"mhtml:{C089CC44-509F-42A4-8FA0-6CCB1977BA9A}mid:\/\/00000132\/!x-usc:http:\/\/www.myspace.com\/bunglers\">http:\/\/www.myspace.com\/bunglers<\/a><\/p>\n<p>po koncercie odb\u0119dzie si\u0119 JAM SESSION!!! przyjd\u017acie ze swoim talentem\/instrumentem i razem stw\u00f3rzmy muzyczno-kulturalne centrum na mapie Halinowa!<br \/>\nWst\u0119p wolny!!!<br \/>\nZapraszajcie znajomych i wpadajcie!<\/p>\n","protected":false},"excerpt":{"rendered":"<p>[singlepic id=360 w=400 h=400 float=center]Witam mieszka\u0144c\u00f3w gminy Halin\u00f3w i nie tylko. Dnia 19 lutego(sobota) odb\u0119dzie si\u0119 koncert dw\u00f3ch undergroundowych zespo\u0142\u00f3w, kt\u00f3rzy grali ju\u017c w naszych rejonach jak i u naszych s\u0105siad\u00f3w (Sulej\u00f3wek\/Weso\u0142a\/Mi\u0144sk Mazowiecki) tym razem zawitaj\u0105 do Swobodnej Przestrzeni! Godz. 19:00\u00a0 &#8211;\u00a0 Jack Input (alternatywa\/post-punk) sk\u0142ad: Wokal: Magdalena Krawczak, Gitara:&#8230;<\/p>\n","protected":false},"author":2,"featured_media":0,"comment_status":"open","ping_status":"closed","sticky":false,"template":"","format":"standard","meta":{"footnotes":""},"categories":[12,106,467],"tags":[436,86,80,435,433,437,434],"class_list":["post-1714","post","type-post","status-publish","format-standard","hentry","category-swobodna","category-rozrywka","category-muzyka","tag-bas-maciek-matuszewski","tag-centrum-swobodna-przestrzen","tag-cisie","tag-gitara-piotr-strojnowski","tag-jack-input-alternatywapost-punk","tag-perkusja-lukasz-kowalski","tag-wokal-magdalena-krawczak"],"aioseo_notices":[],"_links":{"self":[{"href":"http:\/\/kurierskruda.pl\/index.php\/wp-json\/wp\/v2\/posts\/1714"}],"collection":[{"href":"http:\/\/kurierskruda.pl\/index.php\/wp-json\/wp\/v2\/posts"}],"about":[{"href":"http:\/\/kurierskruda.pl\/index.php\/wp-json\/wp\/v2\/types\/post"}],"author":[{"embeddable":true,"href":"http:\/\/kurierskruda.pl\/index.php\/wp-json\/wp\/v2\/users\/2"}],"replies":[{"embeddable":true,"href":"http:\/\/kurierskruda.pl\/index.php\/wp-json\/wp\/v2\/comments?post=1714"}],"version-history":[{"count":7,"href":"http:\/\/kurierskruda.pl\/index.php\/wp-json\/wp\/v2\/posts\/1714\/revisions"}],"predecessor-version":[{"id":1716,"href":"http:\/\/kurierskruda.pl\/index.php\/wp-json\/wp\/v2\/posts\/1714\/revisions\/1716"}],"wp:attachment":[{"href":"http:\/\/kurierskruda.pl\/index.php\/wp-json\/wp\/v2\/media?parent=1714"}],"wp:term":[{"taxonomy":"category","embeddable":true,"href":"http:\/\/kurierskruda.pl\/index.php\/wp-json\/wp\/v2\/categories?post=1714"},{"taxonomy":"post_tag","embeddable":true,"href":"http:\/\/kurierskruda.pl\/index.php\/wp-json\/wp\/v2\/tags?post=1714"}],"curies":[{"name":"wp","href":"https:\/\/api.w.org\/{rel}","templated":true}]}}