{"id":1685,"date":"2011-02-14T10:55:07","date_gmt":"2011-02-14T09:55:07","guid":{"rendered":"http:\/\/kurierskruda.pl\/?p=1685"},"modified":"2011-02-14T18:12:53","modified_gmt":"2011-02-14T17:12:53","slug":"1685","status":"publish","type":"post","link":"http:\/\/kurierskruda.pl\/index.php\/1685\/rozrywka","title":{"rendered":"A zacz\u0119\u0142o si\u0119 to tak&#8230;"},"content":{"rendered":"<div>[singlepic id=357 w=320 h=240 float=left]<br \/>Autor wyr\u00f3\u017cnionego plakatu: Maciej Paska<\/div>\n<p><\/br><br \/>\n<em>By\u0142 pochmurny zimowy dzie\u0144. W\u0142a\u015bnie wtedy\u00a0 zacz\u0119\u0142a <\/em><em>si\u0119\u00a0 zima <\/em><em>i nic nie zapowiada\u0142o pocz\u0105tku gor\u0105cej, pi\u0119knej mi\u0142o\u015bci. On, blondyn o niebieskich oczach i ja &#8211; pomy\u015bla\u0142am sobie czy to ten, czy nie. <\/em><\/p>\n<p><em>Podszed\u0142 i zapyta\u0142, o kt\u00f3rej odje\u017cd\u017ca autobus do Halinowa. Odpowiedzia\u0142am mu, \u017ce nie jad\u0119 do Halinowa, tylko czekam na znajomego. Odszed\u0142 w milczeniu&#8230;&#8230; I tak do nast\u0119pnego razu, kiedy zn\u00f3w spotkali\u015bmy si\u0119 na przystanku, tylko ja ju\u017c nie czeka\u0142am na znajomego tylko na Niego,wiedzia\u0142am, \u017ce jak je\u017adzi do Halinowa to pewnie Go tam spotkam. Widz\u0105c z daleka jak nadchodzi serce moje zacz\u0119\u0142o migota\u0107, a nogi zrobi\u0142y si\u0119 z waty. <\/em><\/p>\n<p><em>Rozpozna\u0142 mnie i zapyta\u0142 z u\u015bmiechem, czy te\u017c jad\u0119 do Halinowa. <\/em><\/p>\n<p><em>Odpowiedzia\u0142am, \u017ce tak, chod\u017a by\u0142a godzina 16 :30, a\u00a0 ja mieszka\u0142am na \u017boliborzu i wcale nie mia\u0142am plan\u00f3w na podr\u00f3\u017c. Zrobi\u0142 dziwn\u0105 min\u0119 , ale przyj\u0105\u0142 to z aprobat\u0105 i zadowoleniem. Powiedzia\u0142am, \u017ce oczywi\u015bcie jad\u0119 do kole\u017canki, kt\u00f3ra od 2 dni wynajmuje mieszkanie w Halinowie, gdzie\u015b ko\u0142o ko\u015bcio\u0142a, bo stwierdzi\u0142am, \u017ce pewnie musi tam by\u0107. <\/em><\/p>\n<p><em><!--more-->Zrobi\u0142am to dla Niego. Wyl\u0105dowa\u0142am w Halinowie. On poszed\u0142 w stron\u0119 Hipolitowskiej,\u00a0 ja w stron\u0119 ko\u015bcio\u0142a , dzi\u0119kuj\u0105c wszystkim kogo zna\u0142am, \u017ce ko\u015bci\u00f3\u0142 tam by\u0142&#8230; Po drodze zd\u0105\u017cy\u0142am poda\u0107 numer telefonu (maila wtedy nie by\u0142o) i w ciemno\u015bci zobaczy\u0142am tylko profil mojego wymarzonego.<\/em><\/p>\n<div><em>Po kilku dniach zadzwoni\u0142 i zaprosi\u0142 do siebie &#8211; oczywi\u015bcie ten sam scenariusz migotanie serca i nogi z waty&#8230;..motylki&#8230; Ju\u017c by\u0142am m\u0105drzejsza,<\/em><em> bo wiedzia\u0142am jakim autobusem dojecha\u0107 i sk\u0105d.<\/em><\/div>\n<p><em><br \/>\n<\/em><\/p>\n<div><em>&#8222;Jestem w Halinowie&#8221;- pomy\u015bla\u0142am. <\/em><\/div>\n<div><em>On czeka\u0142 na mnie z trzema frezjami, bez przybrania. Pomy\u015bla\u0142am wtedy, \u017ce spodziewa\u0142am si\u0119 innych kwiat\u00f3w, ale frezje w \u015brodku zimy te\u017c mog\u0105 by\u0107. By\u0142 d\u0142ugi spacer, romantyczne spojrzenia i u\u015bcisk d\u0142oni. \u0141adna to wioska, niedaleko Warszawy, \u015bwie\u017ce powietrze, gdzie\u015b w g\u0142\u0119bi serca marzy\u0142am, \u017ce mo\u017ce to by\u0107 moje miejsce na ziemi. <\/em><\/div>\n<div><em><br \/>\n<\/em><\/div>\n<div><em>A wiosn\u0105, kiedy wszystko si\u0119 zacz\u0119\u0142o zieleni\u0107 w moim sercu te\u017c nasta\u0142a wiosna. Ju<\/em><em>\u017c byli\u015bmy par\u0105 tak\u0105 wymarzon\u0105 i piel\u0119gnowan\u0105 co dnia. Wtedy, po do\u015b\u0107 kr\u00f3tkim czasie zacz\u0119li\u015bmy planowa\u0107 nasz\u0105 przysz\u0142o\u015b\u0107. <\/em><\/div>\n<p><em><br \/>\n<\/em><\/p>\n<div><em>Lato by\u0142o i jest pi\u0119kne w Halinowie. Wycieczki rowerowe, d\u0142ugie spacery na stawach, utwierdzi\u0142y mnie w przekonaniu, \u017ce tu chc\u0119 mieszka\u0107. I tak jak ptaki na zim\u0119 zacz\u0119\u0142y wi\u0107 swoje gniazda, my te\u017c zacz\u0119li\u015bmy wi\u0107 nasze rodzinne gniazdo.<\/em><\/div>\n<div><em>Owocem naszej mi\u0142o\u015bci &#8211; i ptakiem, kt\u00f3ry pojawi\u0142 si\u0119 w naszym gnie\u017adzie jest Micha\u0142. Mieszkamy w Halinowie, dok\u0142adnie w Hipolitowie i cho\u0107 nasze codzienne \u017cycie dzielimy miedzy Warszaw\u0105 a Halinowem, nie zamieni\u0119 tego miejsca za \u017cadne skarby.<\/em><\/div>\n<div><em>Ja, m\u00f3j m\u0105\u017c, kt\u00f3ry jest lokalnym patriot\u0105, m\u00f3j syn kt\u00f3ry ubolewa, \u017ce nie chodzi do szko\u0142y do Halinowa i powtarza mi ka\u017cdego dnia, &#8222;ja chc\u0119 do Halinowa do szko\u0142y&#8221;, delektu<\/em><em>jemy si\u0119 ka\u017cd\u0105 chwil\u0105 sp\u0119dzon\u0105 TU. <\/em><\/div>\n<p><em><br \/>\n<\/em><\/p>\n<div><em>Ja te\u017c z biegiem lat sta\u0142am s<\/em><em>i\u0119 rodowit\u0105 mieszkank\u0105 tego miasta. I tak jak zacz\u0119\u0142am, \u017ce ci\u0119\u017cko mi przychodzi\u0142o to, \u017cebym powiedzia\u0142a kocham to miasto, teraz zaczynam m\u00f3wi\u0107 to coraz cz\u0119\u015bciej. <\/em><\/div>\n<p><em><br \/>\n<\/em><\/p>\n<div><em><br \/>\n<\/em><\/div>\n<div><em>MY w tym roku te\u017c obchodz<\/em><em>imy nasz\u0105 ma\u0142\u0105 rocznic\u0119, bo od kiedy miasto Halin\u00f3w jest miastem 2001, ja i m\u00f3j m\u0105\u017c jeste\u015bmy ma\u0142\u017ce\u0144stwem. Tak\u017ce \u015bwi\u0119tujmy razem na nast\u0119pne, 10 i 100 lat.<\/em><\/div>\n<p><em><br \/>\n<\/em><\/p>\n<div style=\"text-align: right;\"><em>Agnieszka Go\u0142aszewska<\/em><\/div>\n<div style=\"text-align: right;\"><em><br \/>\n<\/em><\/div>\n<div style=\"text-align: left;\">Dzi\u0119kujemy Pani Agnieszce oraz wszystkim uczestnikom konkursu I \u2665 Halin\u00f3w. Prace by\u0142y bardzo r\u00f3\u017cnorodne a wyb\u00f3r laureata trudny. Nasze redakcyjne jury urzeczone szczero\u015bci\u0105 i romantyczno\u015bci\u0105 historii Pani Agnieszki przyzna\u0142o jej w\u0142a\u015bnie pierwsz\u0105 nagrod\u0119 &#8211; zestaw Walentynkowy od <a href=\"http:\/\/pracownia-mamasue.blogspot.com\/\" target=\"_blank\">Pracowni Mamasue<\/a> oraz jubileuszowy kalendarz Halinowa.<\/div>\n<div style=\"text-align: left;\">Wyr\u00f3\u017cnienia w konkursie &#8211; kalendarze Jubileuszowe przyznano jeszcze dw\u00f3m pracom. Za uroczy wiersz o Halinowie wyr\u00f3\u017cnienie otrzymuje Pani Iwona Kro\u015bnicka oraz autor plakatu Pan Maciej Paska.<\/div>\n<div style=\"text-align: left;\"><em>***<br \/>\nZa co kocham dzi\u015b Halin\u00f3w?<\/em><br \/>\n<em>\u017be bez wielkomiejskich wp\u0142yw\u00f3w<br \/>\nkoi w ka\u017cdej porze roku<br \/>\nczy o \u015bwicie czy o zmroku.<br \/>\n<\/em><br \/>\n<em>&#8230;\u015aniegiem w zimie sypnie<br \/>\nNa wiosn\u0119 zieleni\u0105 okryje<br \/>\nW lecie s\u0142o\u0144cem ucieszy<br \/>\na jesieni\u0105 z\u0142otem pocieszy.<\/em><\/div>\n<div style=\"text-align: left;\">Laureatom gratulujemy i zapraszamy do Siedziby Kuriera Skruda po odbi\u00f3r nagr\u00f3d ju\u017c dzi\u015b od godziny 12:00.<\/div>\n","protected":false},"excerpt":{"rendered":"<p>[singlepic id=357 w=320 h=240 float=left]Autor wyr\u00f3\u017cnionego plakatu: Maciej Paska By\u0142 pochmurny zimowy dzie\u0144. W\u0142a\u015bnie wtedy\u00a0 zacz\u0119\u0142a si\u0119\u00a0 zima i nic nie zapowiada\u0142o pocz\u0105tku gor\u0105cej, pi\u0119knej mi\u0142o\u015bci. On, blondyn o niebieskich oczach i ja &#8211; pomy\u015bla\u0142am sobie czy to ten, czy nie. Podszed\u0142 i zapyta\u0142, o kt\u00f3rej odje\u017cd\u017ca autobus do Halinowa&#8230;.<\/p>\n","protected":false},"author":2,"featured_media":0,"comment_status":"open","ping_status":"closed","sticky":false,"template":"","format":"standard","meta":{"footnotes":""},"categories":[106],"tags":[7,253,19],"class_list":["post-1685","post","type-post","status-publish","format-standard","hentry","category-rozrywka","tag-halinow","tag-konkurs","tag-kurier-skruda"],"aioseo_notices":[],"_links":{"self":[{"href":"http:\/\/kurierskruda.pl\/index.php\/wp-json\/wp\/v2\/posts\/1685"}],"collection":[{"href":"http:\/\/kurierskruda.pl\/index.php\/wp-json\/wp\/v2\/posts"}],"about":[{"href":"http:\/\/kurierskruda.pl\/index.php\/wp-json\/wp\/v2\/types\/post"}],"author":[{"embeddable":true,"href":"http:\/\/kurierskruda.pl\/index.php\/wp-json\/wp\/v2\/users\/2"}],"replies":[{"embeddable":true,"href":"http:\/\/kurierskruda.pl\/index.php\/wp-json\/wp\/v2\/comments?post=1685"}],"version-history":[{"count":21,"href":"http:\/\/kurierskruda.pl\/index.php\/wp-json\/wp\/v2\/posts\/1685\/revisions"}],"predecessor-version":[{"id":1695,"href":"http:\/\/kurierskruda.pl\/index.php\/wp-json\/wp\/v2\/posts\/1685\/revisions\/1695"}],"wp:attachment":[{"href":"http:\/\/kurierskruda.pl\/index.php\/wp-json\/wp\/v2\/media?parent=1685"}],"wp:term":[{"taxonomy":"category","embeddable":true,"href":"http:\/\/kurierskruda.pl\/index.php\/wp-json\/wp\/v2\/categories?post=1685"},{"taxonomy":"post_tag","embeddable":true,"href":"http:\/\/kurierskruda.pl\/index.php\/wp-json\/wp\/v2\/tags?post=1685"}],"curies":[{"name":"wp","href":"https:\/\/api.w.org\/{rel}","templated":true}]}}