{"id":1495,"date":"2011-01-08T12:17:21","date_gmt":"2011-01-08T11:17:21","guid":{"rendered":"http:\/\/kurierskruda.pl\/?p=1495"},"modified":"2011-03-02T16:05:30","modified_gmt":"2011-03-02T15:05:30","slug":"viii-halinowskie-dni-muzyki-relacja-video","status":"publish","type":"post","link":"http:\/\/kurierskruda.pl\/index.php\/viii-halinowskie-dni-muzyki-relacja-video\/informacje","title":{"rendered":"VIII Halinowskie Dni Muzyki &#8211; relacja VIDEO"},"content":{"rendered":"<p>[singlepic id=290 w=160 h=120 float=left]W grudniu ubieg\u0142ego roku Dom Kultury w Halinowie rozbrzmiewa\u0142 d\u017awi\u0119kami muzyki Fryderyka Chopina. Z okazji obchod\u00f3w 200 rocznicy urodzin najwi\u0119kszego polskiego kompozytora odby\u0142y si\u0119 3 wydarzenia w ramach VIII edycji Halinowskich Dni Muzyki \u201eZ Chopinem przy \u015bwiecach\u201d, nad kt\u00f3rymi patronat honorowy obj\u0105\u0142 burmistrz Halinowa.<!--more--> 5 grudnia wyst\u0105pi\u0142 znakomity muzyk jazzowy Stanis\u0142aw Szczyci\u0144ski, prezentuj\u0105c w\u0142asne fortepianowe aran\u017cacje dzie\u0142 Chopina. Tydzie\u0144 p\u00f3\u017aniej publiczno\u015b\u0107 wys\u0142ucha\u0142a utwor\u00f3w kompozytora w wersji klasycznej w mistrzowskim wykonaniu pianisty Tomasza Wojtasia. Oba koncerty mia\u0142y charakter kameralnych spotka\u0144 przy stolikach z kaw\u0105, herbat\u0105 i drobnymi przek\u0105skami. Ostatnim akcentem festiwalu by\u0142o wystawienie muzycznego przedstawienia Miros\u0142awy Piechoty \u201eWigilia w salonie Chopin\u00f3w\u201d. By\u0142o ono podsumowaniem kilkumiesi\u0119cznej pracy dzieci z Akademii Dziewcz\u0119cej i Akademii Dzieci\u0119cej ucz\u0119szczaj\u0105cych na zaj\u0119cia muzyczno-teatralne w Domu Kultury. Wraz z nimi wyst\u0105pili go\u015bcinnie rodzice oraz dwoje artyst\u00f3w przedstawiaj\u0105cych posta\u0107 kompozytora. Micha\u0142 Smoli\u0144ski, kt\u00f3ry wcieli\u0142 si\u0119 w rol\u0119 ma\u0142ego Chopina zagra\u0142 na pianinie jego dzieci\u0119c\u0105 kompozycj\u0119 &#8211; Poloneza g-moll, za\u015b aktor Adam Tkaczyk wykona\u0142 przejmuj\u0105cy fina\u0142owy monolog kompozytora. Wiecz\u00f3r up\u0142yn\u0105\u0142 w atmosferze zbli\u017caj\u0105cych si\u0119 \u015awi\u0105t Bo\u017cego Narodzenia, spotkanie zako\u0144czy\u0142o si\u0119 wsp\u00f3lnym za\u015bpiewaniem przez artyst\u00f3w i publiczno\u015b\u0107 kol\u0119dy \u201eW\u015br\u00f3d nocnej ciszy\u201d.<\/p>\n<p style=\"text-align: center;\"><object classid=\"clsid:d27cdb6e-ae6d-11cf-96b8-444553540000\" width=\"425\" height=\"344\" codebase=\"http:\/\/download.macromedia.com\/pub\/shockwave\/cabs\/flash\/swflash.cab#version=6,0,40,0\"><param name=\"allowFullScreen\" value=\"true\" \/><param name=\"allowscriptaccess\" value=\"always\" \/><param name=\"src\" value=\"http:\/\/www.youtube.com\/v\/OuG1ezGJIhk?fs=1&amp;hl=pl_PL&amp;rel=0\" \/><param name=\"allowfullscreen\" value=\"true\" \/><embed type=\"application\/x-shockwave-flash\" width=\"425\" height=\"344\" src=\"http:\/\/www.youtube.com\/v\/OuG1ezGJIhk?fs=1&amp;hl=pl_PL&amp;rel=0\" allowfullscreen=\"true\" allowscriptaccess=\"always\"><\/embed><\/object><\/p>\n<p>[nggallery id=32]<\/p>\n<p>Miros\u0142aw Borczy\u0144ski<\/p>\n","protected":false},"excerpt":{"rendered":"<p>[singlepic id=290 w=160 h=120 float=left]W grudniu ubieg\u0142ego roku Dom Kultury w Halinowie rozbrzmiewa\u0142 d\u017awi\u0119kami muzyki Fryderyka Chopina. Z okazji obchod\u00f3w 200 rocznicy urodzin najwi\u0119kszego polskiego kompozytora odby\u0142y si\u0119 3 wydarzenia w ramach VIII edycji Halinowskich Dni Muzyki \u201eZ Chopinem przy \u015bwiecach\u201d, nad kt\u00f3rymi patronat honorowy obj\u0105\u0142 burmistrz Halinowa.<\/p>\n","protected":false},"author":1,"featured_media":0,"comment_status":"open","ping_status":"closed","sticky":false,"template":"","format":"standard","meta":{"footnotes":""},"categories":[5,106,467],"tags":[335,207,7,336,337],"class_list":["post-1495","post","type-post","status-publish","format-standard","hentry","category-informacje","category-rozrywka","category-muzyka","tag-chopin","tag-dom-kultury-w-halinowie","tag-halinow","tag-halinowskie-dni-muzyki","tag-kultura"],"aioseo_notices":[],"_links":{"self":[{"href":"http:\/\/kurierskruda.pl\/index.php\/wp-json\/wp\/v2\/posts\/1495"}],"collection":[{"href":"http:\/\/kurierskruda.pl\/index.php\/wp-json\/wp\/v2\/posts"}],"about":[{"href":"http:\/\/kurierskruda.pl\/index.php\/wp-json\/wp\/v2\/types\/post"}],"author":[{"embeddable":true,"href":"http:\/\/kurierskruda.pl\/index.php\/wp-json\/wp\/v2\/users\/1"}],"replies":[{"embeddable":true,"href":"http:\/\/kurierskruda.pl\/index.php\/wp-json\/wp\/v2\/comments?post=1495"}],"version-history":[{"count":8,"href":"http:\/\/kurierskruda.pl\/index.php\/wp-json\/wp\/v2\/posts\/1495\/revisions"}],"predecessor-version":[{"id":1890,"href":"http:\/\/kurierskruda.pl\/index.php\/wp-json\/wp\/v2\/posts\/1495\/revisions\/1890"}],"wp:attachment":[{"href":"http:\/\/kurierskruda.pl\/index.php\/wp-json\/wp\/v2\/media?parent=1495"}],"wp:term":[{"taxonomy":"category","embeddable":true,"href":"http:\/\/kurierskruda.pl\/index.php\/wp-json\/wp\/v2\/categories?post=1495"},{"taxonomy":"post_tag","embeddable":true,"href":"http:\/\/kurierskruda.pl\/index.php\/wp-json\/wp\/v2\/tags?post=1495"}],"curies":[{"name":"wp","href":"https:\/\/api.w.org\/{rel}","templated":true}]}}